{"id":4859,"date":"2020-02-20T08:10:37","date_gmt":"2020-02-20T11:10:37","guid":{"rendered":"https:\/\/blogs.correiobraziliense.com.br\/denise\/?p=4859"},"modified":"2020-02-20T08:10:37","modified_gmt":"2020-02-20T11:10:37","slug":"greve-de-pms-por-reajuste-ira-para-outros-estados","status":"publish","type":"post","link":"https:\/\/blogs.correiobraziliense.com.br\/denise\/greve-de-pms-por-reajuste-ira-para-outros-estados\/","title":{"rendered":"Greve de PMs por reajuste ir\u00e1 para outros estados"},"content":{"rendered":"<h6><strong>Coluna Bras\u00edlia-DF<\/strong><\/h6>\n<p>\u00c9 bom os governadores ficarem atentos. A onda de greves de policiais militares que come\u00e7ou em Minas Gerais, chegou ao Cear\u00e1 e ir\u00e1 para outros estados, repetindo o enredo de 1997, quando o ent\u00e3o governador de Minas, Eduardo Azeredo, cedendo \u00e0 paralisa\u00e7\u00e3o da PM, concedeu um reajuste aos policiais de seu estado. O gesto terminou por estimular greves em outros estados em efeito cascata, e s\u00f3 estancou no Cear\u00e1, onde o ent\u00e3o governador Tasso Jereissati enfrentou os policiais. Depois que o governador de Minas, Romeu Zema, concedeu o reajuste, outros estados seguem a mesma receita da paralisa\u00e7\u00e3o. O p\u00f3s-carnaval promete.<\/p>\n<p>A diferen\u00e7a agora \u00e9 o grau das rea\u00e7\u00f5es. Cid Gomes tentou enfrentar os PMs com uma retroescavadeira e terminou atingido por dois disparos de arma de fogo. Em 1997, grevistas foram presos e cinco pessoas terminaram feridas num confronto entre manifestantes e a tropa de elite da PM, acionada pelo governador para acabar com a greve .<\/p>\n<h2>\n<strong>Meia-volta, volver<\/strong><\/h2>\n<p>A frase do chefe de Gabinete de Seguran\u00e7a Institucional da Presid\u00eancia, general Augusto Heleno, acusando o Congresso de chantagem por causa do Or\u00e7amento Impositivo, levou os congressistas a desconfiarem dos acenos por di\u00e1logo do governo.<\/p>\n<h2>\n<strong>Dos males, o menor<\/strong><\/h2>\n<p>A salva\u00e7\u00e3o da conversa com o Legislativo ser\u00e1 o presidente Jair Bolsonaro refor\u00e7ar os acenos que fez na posse dos ministros, na \u00faltima ter\u00e7a-feira. O canal que est\u00e1 aberto chama-se Davi Alcolumbre (DEM-AP), presidente do Senado.<\/p>\n<h2>\n<strong>Por falar em Alcolumbre\u2026<\/strong><\/h2>\n<p>Ele falou ontem por cinco vezes com o ministro da Justi\u00e7a, Sergio Moro, a fim de ajudar o governador do Cear\u00e1, Camilo Santana (PT), a resolver a crise da PM com for\u00e7as federais. Quem est\u00e1 preocupado \u00e9 o senador Major Ol\u00edmpio (PSL-SP), que pediu uma comiss\u00e3o externa da Casa para acompanhar o conflito no Cear\u00e1.<\/p>\n<h2>\n<strong>&#8230; ele n\u00e3o v\u00ea ningu\u00e9m na frente<\/strong><\/h2>\n<p>Enquanto os deputados t\u00eam v\u00e1rios pr\u00e9-candidatos ao comando da Casa, Alcolumbre n\u00e3o tem hoje um sucessor nato. Um grupo, entretanto, dentro do grupo Muda Senado, est\u00e1 disposto a apostar em Simone Tebet (MDB-MS), que hoje pilota a Comiss\u00e3o de Constitui\u00e7\u00e3o e Justi\u00e7a.<\/p>\n<p><strong>\u00c9 carnaval\/<\/strong> Na sess\u00e3o de ontem da C\u00e2mara, as excel\u00eancias j\u00e1 tinham dispensado a gravata. A maioria foi s\u00f3 marcar presen\u00e7a, alguns inclusive de camisa polo, antes de correr para o aeroporto.<\/p>\n<p><strong>Exce\u00e7\u00f5es\/<\/strong> No final da tarde, quem ainda transitava pela Casa era T\u00falio Gadelha<br \/>\n(PDT-PE). E olha que ele vem de um estado onde os festejos de Momo come\u00e7aram em janeiro.<\/p>\n<p><strong>Olha o decoro, deputado\/<\/strong> Pela manh\u00e3, enquanto um colega discursava, o deputado Tiririca (PL-SP) comia chocolate e falava alto. Eles sequer se respeitam.<\/p>\n","protected":false},"excerpt":{"rendered":"<p>Coluna Bras\u00edlia-DF \u00c9 bom os governadores ficarem atentos. A onda de greves de policiais militares que come\u00e7ou em Minas Gerais, chegou ao Cear\u00e1 e ir\u00e1 para outros estados, repetindo o enredo de 1997, quando o ent\u00e3o governador de Minas, Eduardo Azeredo, cedendo \u00e0 paralisa\u00e7\u00e3o da PM, concedeu um reajuste aos policiais de seu estado. O gesto terminou por estimular greves [&hellip;]<\/p>\n","protected":false},"author":29,"featured_media":4860,"comment_status":"closed","ping_status":"closed","sticky":false,"template":"","format":"standard","meta":{"footnotes":""},"categories":[4],"tags":[257,258,145,256,255],"class_list":["post-4859","post","type-post","status-publish","format-standard","has-post-thumbnail","hentry","category-coluna-brasilia-df","tag-ceara","tag-cid-gomes","tag-greve","tag-minas-gerais","tag-pms"],"_links":{"self":[{"href":"https:\/\/blogs.correiobraziliense.com.br\/denise\/wp-json\/wp\/v2\/posts\/4859","targetHints":{"allow":["GET"]}}],"collection":[{"href":"https:\/\/blogs.correiobraziliense.com.br\/denise\/wp-json\/wp\/v2\/posts"}],"about":[{"href":"https:\/\/blogs.correiobraziliense.com.br\/denise\/wp-json\/wp\/v2\/types\/post"}],"author":[{"embeddable":true,"href":"https:\/\/blogs.correiobraziliense.com.br\/denise\/wp-json\/wp\/v2\/users\/29"}],"replies":[{"embeddable":true,"href":"https:\/\/blogs.correiobraziliense.com.br\/denise\/wp-json\/wp\/v2\/comments?post=4859"}],"version-history":[{"count":1,"href":"https:\/\/blogs.correiobraziliense.com.br\/denise\/wp-json\/wp\/v2\/posts\/4859\/revisions"}],"predecessor-version":[{"id":4861,"href":"https:\/\/blogs.correiobraziliense.com.br\/denise\/wp-json\/wp\/v2\/posts\/4859\/revisions\/4861"}],"wp:featuredmedia":[{"embeddable":true,"href":"https:\/\/blogs.correiobraziliense.com.br\/denise\/wp-json\/wp\/v2\/media\/4860"}],"wp:attachment":[{"href":"https:\/\/blogs.correiobraziliense.com.br\/denise\/wp-json\/wp\/v2\/media?parent=4859"}],"wp:term":[{"taxonomy":"category","embeddable":true,"href":"https:\/\/blogs.correiobraziliense.com.br\/denise\/wp-json\/wp\/v2\/categories?post=4859"},{"taxonomy":"post_tag","embeddable":true,"href":"https:\/\/blogs.correiobraziliense.com.br\/denise\/wp-json\/wp\/v2\/tags?post=4859"}],"curies":[{"name":"wp","href":"https:\/\/api.w.org\/{rel}","templated":true}]}}