{"id":4853,"date":"2020-02-19T08:29:51","date_gmt":"2020-02-19T11:29:51","guid":{"rendered":"https:\/\/blogs.correiobraziliense.com.br\/denise\/?p=4853"},"modified":"2020-02-19T08:51:34","modified_gmt":"2020-02-19T11:51:34","slug":"politicos-especulam-que-paulo-guedes-pode-ter-pedido-o-bone","status":"publish","type":"post","link":"https:\/\/blogs.correiobraziliense.com.br\/denise\/politicos-especulam-que-paulo-guedes-pode-ter-pedido-o-bone\/","title":{"rendered":"Pol\u00edticos especulam que Paulo Guedes pode ter pedido o bon\u00e9"},"content":{"rendered":"<h6><strong>Coluna Bras\u00edlia-DF<\/strong><\/h6>\n<p>Bastou o presidente Jair Bolsonaro dizer com todas as letras que Paulo Guedes n\u00e3o havia pedido para sair, e que ficaria no governo at\u00e9 o \u00faltimo dia, para que, num instante, os pol\u00edticos passassem a especular que o ministro da Economia havia pedido o bon\u00e9. Ou, no m\u00ednimo, pensava em sair, diante dos ainda fr\u00e1geis resultados da economia e da s\u00e9rie de pol\u00eamicas em que se envolveu recentemente, por causa de declara\u00e7\u00f5es, como, por exemplo, a da farra com o d\u00f3lar baixo \u2013 que teria levado at\u00e9 dom\u00e9sticas aos parques da Disney.<\/p>\n<p>Guedes andava mesmo acabrunhado. Dia desses, comentou que n\u00e3o daria mais entrevistas ou falaria com jornalistas. Tudo por causa da repercuss\u00e3o de sua fala sobre as dom\u00e9sticas. Agora, Bolsonaro disse que ele fica at\u00e9 o \u00faltimo dia de governo. Resta saber se o ministro ter\u00e1 f\u00f4lego para tanto balan\u00e7o do navio, caso a economia n\u00e3o reaja a contento este ano.<\/p>\n<h2><strong>Risco inflacion\u00e1rio<\/strong><\/h2>\n<p>Uma a\u00e7\u00e3o em pauta no Supremo Tribunal Federal (STF) promete acabar com a redu\u00e7\u00e3o do ICMS dos agrot\u00f3xicos. O resultado logo ali na frente, se n\u00e3o houver alguma solu\u00e7\u00e3o intermedi\u00e1ria, ser\u00e1 o aumento do pre\u00e7o dos alimentos, algo capaz de mexer com a infla\u00e7\u00e3o. O agro tentar\u00e1 jogar essa bola para escanteio.<\/p>\n<h2><strong>Vamos conversar?<\/strong><\/h2>\n<p>A declara\u00e7\u00e3o p\u00fablica de Bolsonaro, de que precisa fortalecer o relacionamento com o presidente do Senado, Davi Alcolumbre (DEM-AP), foi vista como um gesto importante, com v\u00e1rias leituras entre deputados e senadores. A principal delas \u00e9 a de que, no Planalto, h\u00e1 a certeza de que o Senado vai defender o presidente em caso de algum pedido de impeachment.<\/p>\n<h2><strong>Perfil &amp; problema<\/strong><\/h2>\n<p>Bolsonaro n\u00e3o tem l\u00e1 muito do que reclamar dos senadores, mas \u00e9 bom ficar de olho na C\u00e2mara. Come\u00e7a a cristalizar a ideia de que \u00e9 preciso encontrar um nome com mais independ\u00eancia em rela\u00e7\u00e3o ao Planalto para assumir a Presid\u00eancia da Casa no lugar de Rodrigo Maia, no ano que vem. O primeiro da lista \u00e9 o do l\u00edder do PP, Arthur Lyra. Em segundo lugar, Elmar Nascimento (DEM-BA).<\/p>\n<h2><strong>Nome da c\u00fapula<\/strong><\/h2>\n<p>O l\u00edder da Maioria, Aguinaldo Ribeiro (PP-PB), \u00e9<a href=\"https:\/\/blogs.correiobraziliense.com.br\/denise\/deputados-acreditam-que-aguinaldo-ribeiro-e-o-nome-de-maia-para-sucede-lo\/\"> visto at\u00e9 aqui como o candidato de Maia<\/a>, mas n\u00e3o dos presidentes dos partidos.<\/p>\n<blockquote><p><em>\u201cPior que decis\u00e3o mal tomada \u00e9 uma indecis\u00e3o\u201d<\/em><\/p><\/blockquote>\n<p><strong>A frase, do presidente Jair Bolsonaro, passou a muitos a impress\u00e3o de que ele n\u00e3o est\u00e1 muito convicto da reforma administrativa<\/strong><\/p>\n<p><strong>Assim, n\u00e3o vai\/<\/strong> O cancelamento do programa Brasil Mais irritou empres\u00e1rios. Alguns estiveram em Bras\u00edlia apenas para participar do evento e prestigiar o governo. Houve quem deixasse o Planalto jurando n\u00e3o voltar.<\/p>\n<p><strong>O mais aplaudido\/<\/strong> O ex-ministro da Cidadania, Osmar Terra, pode comemorar. Ao discursar no Planalto se despedindo do cargo, foi mais aplaudido que Onyx Lorenzoni, que tomou posse ontem.<\/p>\n<p><strong>Por falar em despedida&#8230;\/<\/strong> No DEM, na C\u00e2mara, teve festa de despedida para Gustavo Pires, que vai assumir a chefia de gabinete do ministro Luiz Henrique Mandetta depois do carnaval.<\/p>\n<p><strong>\u2026 segundo escal\u00e3o, s\u00f3 depois\/<\/strong> O novo ministro da Cidadania, Onyx Lorenzoni, s\u00f3 deve tratar dos demais cargos da pasta ap\u00f3s o carnaval.<\/p>\n<p><strong>Olha o decoro, presidente\/<\/strong> N\u00e3o cabe a qualquer autoridade agredir verbalmente uma mulher, seja quem for \u2014 jornalista, deputada, senadora, esposa de advers\u00e1rio, educadora, ministra \u2014 com declara\u00e7\u00f5es de cunho sexual. Respeito deve ser a palavra-chave nas rela\u00e7\u00f5es sociais e pol\u00edticas.<\/p>\n","protected":false},"excerpt":{"rendered":"<p>Coluna Bras\u00edlia-DF Bastou o presidente Jair Bolsonaro dizer com todas as letras que Paulo Guedes n\u00e3o havia pedido para sair, e que ficaria no governo at\u00e9 o \u00faltimo dia, para que, num instante, os pol\u00edticos passassem a especular que o ministro da Economia havia pedido o bon\u00e9. Ou, no m\u00ednimo, pensava em sair, diante dos ainda fr\u00e1geis resultados da economia [&hellip;]<\/p>\n","protected":false},"author":29,"featured_media":4856,"comment_status":"closed","ping_status":"closed","sticky":false,"template":"","format":"standard","meta":{"footnotes":""},"categories":[4],"tags":[28,49],"class_list":["post-4853","post","type-post","status-publish","format-standard","has-post-thumbnail","hentry","category-coluna-brasilia-df","tag-bolsonaro","tag-paulo-guedes"],"_links":{"self":[{"href":"https:\/\/blogs.correiobraziliense.com.br\/denise\/wp-json\/wp\/v2\/posts\/4853","targetHints":{"allow":["GET"]}}],"collection":[{"href":"https:\/\/blogs.correiobraziliense.com.br\/denise\/wp-json\/wp\/v2\/posts"}],"about":[{"href":"https:\/\/blogs.correiobraziliense.com.br\/denise\/wp-json\/wp\/v2\/types\/post"}],"author":[{"embeddable":true,"href":"https:\/\/blogs.correiobraziliense.com.br\/denise\/wp-json\/wp\/v2\/users\/29"}],"replies":[{"embeddable":true,"href":"https:\/\/blogs.correiobraziliense.com.br\/denise\/wp-json\/wp\/v2\/comments?post=4853"}],"version-history":[{"count":3,"href":"https:\/\/blogs.correiobraziliense.com.br\/denise\/wp-json\/wp\/v2\/posts\/4853\/revisions"}],"predecessor-version":[{"id":4857,"href":"https:\/\/blogs.correiobraziliense.com.br\/denise\/wp-json\/wp\/v2\/posts\/4853\/revisions\/4857"}],"wp:featuredmedia":[{"embeddable":true,"href":"https:\/\/blogs.correiobraziliense.com.br\/denise\/wp-json\/wp\/v2\/media\/4856"}],"wp:attachment":[{"href":"https:\/\/blogs.correiobraziliense.com.br\/denise\/wp-json\/wp\/v2\/media?parent=4853"}],"wp:term":[{"taxonomy":"category","embeddable":true,"href":"https:\/\/blogs.correiobraziliense.com.br\/denise\/wp-json\/wp\/v2\/categories?post=4853"},{"taxonomy":"post_tag","embeddable":true,"href":"https:\/\/blogs.correiobraziliense.com.br\/denise\/wp-json\/wp\/v2\/tags?post=4853"}],"curies":[{"name":"wp","href":"https:\/\/api.w.org\/{rel}","templated":true}]}}