{"id":4850,"date":"2020-02-18T08:13:59","date_gmt":"2020-02-18T11:13:59","guid":{"rendered":"https:\/\/blogs.correiobraziliense.com.br\/denise\/?p=4850"},"modified":"2020-02-18T08:13:59","modified_gmt":"2020-02-18T11:13:59","slug":"deputados-acreditam-que-aguinaldo-ribeiro-e-o-nome-de-maia-para-sucede-lo","status":"publish","type":"post","link":"https:\/\/blogs.correiobraziliense.com.br\/denise\/deputados-acreditam-que-aguinaldo-ribeiro-e-o-nome-de-maia-para-sucede-lo\/","title":{"rendered":"Deputados acreditam que Aguinaldo Ribeiro \u00e9 o nome de Maia para suced\u00ea-lo"},"content":{"rendered":"<h6><strong>Coluna Bras\u00edlia-DF<\/strong><\/h6>\n<p>Os gestos de apre\u00e7o do presidente da C\u00e2mara, Rodrigo Maia, ao l\u00edder da maioria, Aguinaldo Ribeiro (PP-PB), levam os deputados a apostarem que Aguinaldo \u00e9 o nome de Rodrigo para suced\u00ea-lo no comando da Casa. Embora ainda falte praticamente 10 meses para a elei\u00e7\u00e3o, o assunto tem tomado conta das rodas de conversas dos pol\u00edticos.<\/p>\n<p>O \u00faltimo sinal foi o jantar que Maia organizou para comemorar o anivers\u00e1rio do l\u00edder, na semana passada. Aguinaldo tamb\u00e9m tem acompanhado todos os encontros econ\u00f4micos que Maia mant\u00e9m em S\u00e3o Paulo. Antes, inclusive, de ser indicado relator da reforma tribut\u00e1ria. Outros pr\u00e9-candidatos come\u00e7am a ficar meio incomodados com essa parceria. Afinal, pol\u00edtica \u00e9 feita de gestos. E, no momento, todos os de Rodrigo levam a Aguinaldo.<\/p>\n<h2>\n<strong>Partido \u00e9 uma coisa\u2026<\/strong><\/h2>\n<p>As apostas das excel\u00eancias \u00e9 de que, se houver disputa para lan\u00e7ar um nome \u00e0 Presid\u00eancia da C\u00e2mara dentro do PP, o l\u00edder da bancada, Arthur Lyra, ganha f\u00e1cil. Ele \u00e9 visto como um defensor dos colegas<\/p>\n<h2>\n<strong>\u2026 plen\u00e1rio \u00e9 outra<\/strong><\/h2>\n<p>No plen\u00e1rio da C\u00e2mara, entretanto, as apostas se voltam para Aguinaldo Ribeiro, que tem a simpatia tamb\u00e9m das esquerdas, uma vez que foi ministro de Dilma Rousseff e de Michel Temer. Outro que se movimenta tamb\u00e9m no plen\u00e1rio \u00e9 Elmar Nascimento, ex-l\u00edder do DEM, que planeja concorrer a presidente da C\u00e2mara.<\/p>\n<h2>\n<strong>Bolsonaro conseguiu&#8230;<\/strong><\/h2>\n<p>&#8230;Unir Wilson Witzel e os governadores dos mais diversos partidos, do centro \u00e0 esquerda, numa carta com cr\u00edtica ao presidente, por causa da insinua\u00e7\u00e3o de que o governo da Bahia, comandado pelo PT, queria a morte do miliciano Adriano da N\u00f3brega. H\u00e1 quem diga que, se esses governadores se unirem tamb\u00e9m para trabalhar as bancadas, a balan\u00e7a da reforma tribut\u00e1ria vai pender em favor dos estados.<\/p>\n<h2>\n<strong>Desenvolvimento Regional, a nova fronteira<\/strong><\/h2>\n<p>\u00c9 na pasta ocupada por Rog\u00e9rio Marinho que se concentra a maioria das apostas de deputados e senadores sobre a interlocu\u00e7\u00e3o com o governo. A Casa Civil, avisam, \u00e9 vista como uma institui\u00e7\u00e3o para \u201crecep\u00e7\u00e3o de autoridades\u201d. Nem a interface com os minist\u00e9rios os pol\u00edticos consideram que \u00e9 feita ali.<\/p>\n<h2>\n<strong>O que eles pensam<\/strong><\/h2>\n<p>Deputados e senadores consideram que quem coordena os minist\u00e9rios \u00e9 a \u00e1rea econ\u00f4mica, capitaneada por Paulo Guedes. E, quando algu\u00e9m menciona que essa tarefa cabe \u00e0 Casa Civil, a resposta \u00e9 resumida numa frase sempre repetida em reuni\u00f5es pelo deputado S\u00edlvio Costa Filho (PE): \u201cO importante n\u00e3o \u00e9 o que se diz, \u00e9 o que as pessoas entendem\u201d.<\/p>\n<p><strong>A press\u00e3o n\u00e3o acabou\/<\/strong> A troca de comando na Casa Civil est\u00e1 longe de resolver os problemas do presidente Jair Bolsonaro na seara pol\u00edtica. O ministro da Educa\u00e7\u00e3o, Abraham Weintraub, continua sob fogo cruzado.<\/p>\n<p><strong>\u00c9 s\u00f3 o come\u00e7o\/<\/strong> As autoridades conseguiram contornar a paralisa\u00e7\u00e3o no Porto de Santos, mas os problemas do governo n\u00e3o acabaram. Os caminhoneiros continuam insatisfeitos, bem como os petroleiros, que continuam em greve.<\/p>\n<p><strong>Cada um no seu quadrado\/<\/strong> O presidente da Rep\u00fablica, Jair Bolsonaro, e o da C\u00e2mara, Rodrigo Maia, ficaram distantes no jogo do Flamengo contra o Athletico-PR, no \u00faltimo domingo. O governador Ibaneis, que tamb\u00e9m estava l\u00e1, ficou em outro espa\u00e7o. Bolsonaro ficou com seus ministros e o vice-presidente, Hamilton Mour\u00e3o.<\/p>\n<p><strong>Posse antes do carnaval\/<\/strong> A ministra Maria Cristina Peduzzi assume, nesta quarta-feira, \u00e0s 17h, a Presid\u00eancia do Tribunal Superior do Trabalho para o bi\u00eanio 2020-2021. Luiz Philippe Vieira de Mello Filho ser\u00e1 o vice-presidente, e Aloysio Correia da Veiga, o novo corregedor-geral da Justi\u00e7a do Trabalho.<\/p>\n<p><strong>Por falar em carnaval&#8230;\/<\/strong> As apostas dos pr\u00f3prios deputados s\u00e3o de que esta semana parlamentar ser\u00e1 devagar quase parando, a pr\u00f3xima, ent\u00e3o, nem se fala.<\/p>\n","protected":false},"excerpt":{"rendered":"<p>Coluna Bras\u00edlia-DF Os gestos de apre\u00e7o do presidente da C\u00e2mara, Rodrigo Maia, ao l\u00edder da maioria, Aguinaldo Ribeiro (PP-PB), levam os deputados a apostarem que Aguinaldo \u00e9 o nome de Rodrigo para suced\u00ea-lo no comando da Casa. Embora ainda falte praticamente 10 meses para a elei\u00e7\u00e3o, o assunto tem tomado conta das rodas de conversas dos pol\u00edticos. O \u00faltimo sinal [&hellip;]<\/p>\n","protected":false},"author":29,"featured_media":4851,"comment_status":"closed","ping_status":"closed","sticky":false,"template":"","format":"standard","meta":{"footnotes":""},"categories":[4],"tags":[],"class_list":["post-4850","post","type-post","status-publish","format-standard","has-post-thumbnail","hentry","category-coluna-brasilia-df"],"_links":{"self":[{"href":"https:\/\/blogs.correiobraziliense.com.br\/denise\/wp-json\/wp\/v2\/posts\/4850","targetHints":{"allow":["GET"]}}],"collection":[{"href":"https:\/\/blogs.correiobraziliense.com.br\/denise\/wp-json\/wp\/v2\/posts"}],"about":[{"href":"https:\/\/blogs.correiobraziliense.com.br\/denise\/wp-json\/wp\/v2\/types\/post"}],"author":[{"embeddable":true,"href":"https:\/\/blogs.correiobraziliense.com.br\/denise\/wp-json\/wp\/v2\/users\/29"}],"replies":[{"embeddable":true,"href":"https:\/\/blogs.correiobraziliense.com.br\/denise\/wp-json\/wp\/v2\/comments?post=4850"}],"version-history":[{"count":1,"href":"https:\/\/blogs.correiobraziliense.com.br\/denise\/wp-json\/wp\/v2\/posts\/4850\/revisions"}],"predecessor-version":[{"id":4852,"href":"https:\/\/blogs.correiobraziliense.com.br\/denise\/wp-json\/wp\/v2\/posts\/4850\/revisions\/4852"}],"wp:featuredmedia":[{"embeddable":true,"href":"https:\/\/blogs.correiobraziliense.com.br\/denise\/wp-json\/wp\/v2\/media\/4851"}],"wp:attachment":[{"href":"https:\/\/blogs.correiobraziliense.com.br\/denise\/wp-json\/wp\/v2\/media?parent=4850"}],"wp:term":[{"taxonomy":"category","embeddable":true,"href":"https:\/\/blogs.correiobraziliense.com.br\/denise\/wp-json\/wp\/v2\/categories?post=4850"},{"taxonomy":"post_tag","embeddable":true,"href":"https:\/\/blogs.correiobraziliense.com.br\/denise\/wp-json\/wp\/v2\/tags?post=4850"}],"curies":[{"name":"wp","href":"https:\/\/api.w.org\/{rel}","templated":true}]}}