{"id":4840,"date":"2020-02-14T08:07:47","date_gmt":"2020-02-14T11:07:47","guid":{"rendered":"https:\/\/blogs.correiobraziliense.com.br\/denise\/?p=4840"},"modified":"2020-02-14T10:34:30","modified_gmt":"2020-02-14T13:34:30","slug":"novo-ministro-casa-civil-mapeou-todas-as-milicias-do-rio","status":"publish","type":"post","link":"https:\/\/blogs.correiobraziliense.com.br\/denise\/novo-ministro-casa-civil-mapeou-todas-as-milicias-do-rio\/","title":{"rendered":"Novo ministro da Casa Civil mapeou todas as mil\u00edcias do Rio"},"content":{"rendered":"<h6><strong>Coluna Bras\u00edlia-DF<\/strong><\/h6>\n<p>Com a troca de comando na Casa Civil, Jair Bolsonaro ter\u00e1 na sua equipe o general que mapeou todas as mil\u00edcias do Rio de Janeiro, no per\u00edodo em que foi interventor no Estado, na \u00e1rea de seguran\u00e7a p\u00fablica. O tempo, entretanto, foi curto para que o general Walter Braga Netto pudesse \u201climpar\u201d a \u00e1rea, ou seja, extirpar a mil\u00edcia do Rio.<\/p>\n<p>Ele conseguiu cumprir a miss\u00e3o de reequipar as for\u00e7as policiais, renovar frota de ve\u00edculos e trocar postos-chaves na estrutura da pol\u00edcia estadual. Ou seja, n\u00e3o \u00e9 apenas o governador Wilson Witzel que ter\u00e1 conhecimento geral do que se passa no estado onde o presidente e dois de seus filhos, Carlos e Fl\u00e1vio, fazem pol\u00edtica. A mem\u00f3ria das a\u00e7\u00f5es de 2018 est\u00e1 agora no cora\u00e7\u00e3o do Planalto.<\/p>\n<h2><strong>O pol\u00edtico palaciano<\/strong><\/h2>\n<p>A sa\u00edda de Onyx Lorenzoni da Casa Civil deixa o presidente como o \u00fanico que tem conhecimento do Congresso, onde deu expediente por 28 anos. Os l\u00edderes governistas s\u00e3o un\u00e2nimes em afirmar que Bolsonaro pode at\u00e9 parecer meio atrapalhado. Por\u00e9m, sabe perfeitamente como \u201ctoca a banda\u201d do parlamento. At\u00e9 aqui, mesmo que aos trancos e barrancos, funcionou. Vejamos o futuro.<\/p>\n<h2><strong>Avi\u00f5es em quarentena?<\/strong><\/h2>\n<p>N\u00e3o foi apenas o excesso de trabalho no Brasil que tirou o presidente do Senado, Davi Alcolumbre (DEM-AP), da agenda nos Estados Unidos por esses dias. Ele iria na mesma aeronave que trouxe os brasileiros de Wuhan, na China, mas as autoridades americanas n\u00e3o autorizaram o pouso justamente por causa da viagem recente dos jatos ao epicentro do coronav\u00edrus. Melhor assim. O governo economiza e a excel\u00eancia se agarra ao servi\u00e7o por aqui.<\/p>\n<h2><strong>Pelo Twitter<\/strong><\/h2>\n<p>O ministro da Cidadania, Osmar Terra, estava numa agenda no Amazonas, quando soube que estava confirmada a ida de Onyx para a pasta. Restou desejar boa sorte ao companheiro.<\/p>\n<h2><strong>Agora vai<\/strong><\/h2>\n<p>Pol\u00edticos ga\u00fachos comentavam ontem, \u00e0 boca pequena, que agora Onyx ter\u00e1 a faca e o queijo na m\u00e3o para aparecer visitando a\u00e7\u00f5es sociais no Rio Grande do Sul, e alavancar uma candidatura ao governo do Estado.<\/p>\n<blockquote><p><em>\u201cSe n\u00e3o houver uma fiscaliza\u00e7\u00e3o constante, voc\u00ea sempre corre o risco de algu\u00e9m se desvirtuar. Seja policial, das For\u00e7as Armadas, pol\u00edtico, qualquer poder. Meu pai dizia o seguinte: a oportunidade n\u00e3o faz o ladr\u00e3o, revela\u201d<\/em><\/p><\/blockquote>\n<p><strong>Do novo ministro da Casa Civil, general Braga Netto<\/strong>, em entrevista \u00e0 Ag\u00eancia Brasil, em julho de 2018.<\/p>\n<p><strong>Aliviado\/<\/strong> Com o Conselho da Amaz\u00f4nia a cargo da Vice-Presid\u00eancia da Rep\u00fablica, o ministro do Meio Ambiente, Ricardo Salles, tem uma declara\u00e7\u00e3o padr\u00e3o para tratar do tema: \u201cIsso \u00e9 com o vice, Hamilton Mour\u00e3o\u201d.<\/p>\n<p><strong>Foco\/<\/strong> Um dos legados que o ministro quer deixar quando sair do cargo \u00e9 a mudan\u00e7a total no tratamento do lixo no pa\u00eds, em todas as regi\u00f5es. A ideia \u00e9 espalhar usinas para produ\u00e7\u00e3o de bioenergia e recicl\u00e1veis. Se conseguir, ter\u00e1 sido um grande feito.<\/p>\n<p><strong>Alian\u00e7a na live\/<\/strong> Bolsonaro passou a aproveitar as lives das quintas-feiras para pedir apoio \u00e0 cria\u00e7\u00e3o do seu novo partido, o Alian\u00e7a pelo Brasil. Nas palavras do presidente, \u201cum partido para chamar de seu\u201d.<\/p>\n<p><strong>Todo cuidado \u00e9 pouco\/<\/strong> Como o pedido de apoio ao Alian\u00e7a pelo Brasil foi feita de uma live transmitida ontem, na biblioteca do Alvorada, os advogados eleitorais n\u00e3o viram problemas na fala de Bolsonaro. Afinal, o presidente estava em casa. Mas, no Pal\u00e1cio do Planalto, aconselham alguns especialistas, \u00e9 melhor evitar para n\u00e3o dar margem a reclama\u00e7\u00f5es da oposi\u00e7\u00e3o.<\/p>\n","protected":false},"excerpt":{"rendered":"<p>Coluna Bras\u00edlia-DF Com a troca de comando na Casa Civil, Jair Bolsonaro ter\u00e1 na sua equipe o general que mapeou todas as mil\u00edcias do Rio de Janeiro, no per\u00edodo em que foi interventor no Estado, na \u00e1rea de seguran\u00e7a p\u00fablica. O tempo, entretanto, foi curto para que o general Walter Braga Netto pudesse \u201climpar\u201d a \u00e1rea, ou seja, extirpar a [&hellip;]<\/p>\n","protected":false},"author":29,"featured_media":4841,"comment_status":"closed","ping_status":"closed","sticky":false,"template":"","format":"standard","meta":{"footnotes":""},"categories":[4],"tags":[254,120,253,69],"class_list":["post-4840","post","type-post","status-publish","format-standard","has-post-thumbnail","hentry","category-coluna-brasilia-df","tag-braga-netto","tag-casa-civil","tag-cidadania","tag-onyx"],"_links":{"self":[{"href":"https:\/\/blogs.correiobraziliense.com.br\/denise\/wp-json\/wp\/v2\/posts\/4840","targetHints":{"allow":["GET"]}}],"collection":[{"href":"https:\/\/blogs.correiobraziliense.com.br\/denise\/wp-json\/wp\/v2\/posts"}],"about":[{"href":"https:\/\/blogs.correiobraziliense.com.br\/denise\/wp-json\/wp\/v2\/types\/post"}],"author":[{"embeddable":true,"href":"https:\/\/blogs.correiobraziliense.com.br\/denise\/wp-json\/wp\/v2\/users\/29"}],"replies":[{"embeddable":true,"href":"https:\/\/blogs.correiobraziliense.com.br\/denise\/wp-json\/wp\/v2\/comments?post=4840"}],"version-history":[{"count":3,"href":"https:\/\/blogs.correiobraziliense.com.br\/denise\/wp-json\/wp\/v2\/posts\/4840\/revisions"}],"predecessor-version":[{"id":4845,"href":"https:\/\/blogs.correiobraziliense.com.br\/denise\/wp-json\/wp\/v2\/posts\/4840\/revisions\/4845"}],"wp:featuredmedia":[{"embeddable":true,"href":"https:\/\/blogs.correiobraziliense.com.br\/denise\/wp-json\/wp\/v2\/media\/4841"}],"wp:attachment":[{"href":"https:\/\/blogs.correiobraziliense.com.br\/denise\/wp-json\/wp\/v2\/media?parent=4840"}],"wp:term":[{"taxonomy":"category","embeddable":true,"href":"https:\/\/blogs.correiobraziliense.com.br\/denise\/wp-json\/wp\/v2\/categories?post=4840"},{"taxonomy":"post_tag","embeddable":true,"href":"https:\/\/blogs.correiobraziliense.com.br\/denise\/wp-json\/wp\/v2\/tags?post=4840"}],"curies":[{"name":"wp","href":"https:\/\/api.w.org\/{rel}","templated":true}]}}