{"id":4836,"date":"2020-02-13T08:10:50","date_gmt":"2020-02-13T11:10:50","guid":{"rendered":"https:\/\/blogs.correiobraziliense.com.br\/denise\/?p=4836"},"modified":"2020-02-13T08:10:50","modified_gmt":"2020-02-13T11:10:50","slug":"caso-onyx-va-para-lugar-de-osmar-terra-mdb-se-sentira-rebaixado","status":"publish","type":"post","link":"https:\/\/blogs.correiobraziliense.com.br\/denise\/caso-onyx-va-para-lugar-de-osmar-terra-mdb-se-sentira-rebaixado\/","title":{"rendered":"Caso Onyx v\u00e1 para o lugar de Osmar Terra, MDB se sentir\u00e1 rebaixado"},"content":{"rendered":"<h6><strong>Coluna Bras\u00edlia-DF<\/strong><\/h6>\n<p>Seis por meia d\u00fazia. \u00c9 assim que os congressistas se referem \u00e0s mudan\u00e7as que o presidente Jair Bolsonaro pretende fazer na sua equipe, substituindo Onyx Lorenzoni pelo general Braga Netto na Casa Civil. \u00c9 o refor\u00e7o dos militares no governo, que haviam perdido terreno num determinado momento e agora retomam com for\u00e7a. E sem aproveitar a troca para estreitar rela\u00e7\u00f5es com o Congresso, sinal de que nada muda por ali e que o presidente est\u00e1 satisfeito com a performance de Eduardo Ramos.<\/p>\n<p>Entre os maiores aliados do presidente no Congresso, h\u00e1 a certeza de que, enquanto as pesquisas estiverem indicando que Bolsonaro permanece em alta perante os eleitores, n\u00e3o haver\u00e1 mudan\u00e7a de eixo de poder, ou seja, a escolha dele continuar\u00e1 voltada para o meio militar, considerado o mais organizado e estrat\u00e9gico do pa\u00eds.<\/p>\n<h2>\n<strong>Cobre um santo\u2026<\/strong><\/h2>\n<p>\u2026 descobre outro. Bolsonaro est\u00e1 numa sinuca de bico. Se tira Osmar Terra (MDB-RS) do Minist\u00e9rio da Cidadania para abrigar Onyx Lorenzoni (DEM), o MDB \u00e9 que se sentir\u00e1 rebaixado. E o presidente precisar\u00e1 de todos os partidos de centro para aprovar uma reforma do gosto do governo federal, e n\u00e3o dos estados.<\/p>\n<h2>\n<strong>Nem vem, talkey?<\/strong><\/h2>\n<p>N\u00e3o s\u00e3o poucos os pr\u00e9-candidatos a prefeito de capital que procuram o Planalto em busca de uma foto ou um apoio mais expl\u00edcito do presidente Jair Bolsonaro. Ele, por\u00e9m, vai evitar influir nesses pleitos para n\u00e3o ser responsabilizado se algo der errado. Afinal, quando h\u00e1 vit\u00f3ria, o sujeito acha que ganhou por conta pr\u00f3pria. Quando perde, sempre d\u00e1 um jeito de buscar outro culpado.<\/p>\n<h2>\n<strong>E a administrativa, hein?<\/strong><\/h2>\n<p>Se o governo n\u00e3o enviar uma proposta, os parlamentares \u00e9 que n\u00e3o v\u00e3o se mexer para tratar desse tema indigesto em ano eleitoral. Ainda mais depois da conversa do ministro chamando servidores de parasitas. Ok, ele pediu desculpas, mas a m\u00e1goa dos funcion\u00e1rios n\u00e3o esfriou.<\/p>\n<h2>\n<strong>A salva\u00e7\u00e3o da reforma<\/strong><\/h2>\n<p>Os servidores p\u00fablicos est\u00e3o prontos para apresentar propostas para a reforma administrativa: \u201cSe houver di\u00e1logo, o pr\u00f3prio setor p\u00fablico pode apontar caminhos que permitam a boa gest\u00e3o das carreiras de Estado\u201d, diz o presidente do Sindicato Nacional dos Auditores Fiscais da Receita Federal, Kleber Cabral.<\/p>\n<p><strong>O conselheiro\/<\/strong> Cotado para a Casa Civil, o general Braga Netto (foto) virou interventor no Rio de Janeiro por indica\u00e7\u00e3o do general S\u00e9rgio Echegoyen, ministro do Gabinete de Seguran\u00e7a Institucional do governo do presidente Michel Temer. Agora, o ex-ministro continua no mesmo papel de ajudar os presidentes.<\/p>\n<p><strong>Ele, n\u00e3o\/<\/strong> Braga Netto esteve cotado recentemente para assumir um cargo no governo Witzel, no Rio de Janeiro. Entre levar o general para o Planalto e deix\u00e1-lo dispon\u00edvel para Witzel, Bolsonaro prefere ter Braga Netto ao seu lado.<\/p>\n<p><strong>Fa\u00e7a como ele\/<\/strong> O governador do DF, Ibaneis Rocha, manda hoje para a C\u00e2mara Legislativa do Distrito Federal a indica\u00e7\u00e3o do engenheiro Vinicius Benevides para a diretoria da Adasa. Um nome t\u00e9cnico para um \u00f3rg\u00e3o t\u00e9cnico. Vinicius \u00e9 engenheiro especialista em recursos h\u00eddricos, tratamento de \u00e1gua e saneamento urbano. Foi um dos respons\u00e1veis pela Lei das \u00c1guas aprovada no Congresso Nacional. H\u00e1 quem esteja disposto a sugerir a Bolsonaro que siga esse exemplo na hora de indicar os diretores das ag\u00eancias reguladoras.<\/p>\n<p><strong>N\u00e3o fa\u00e7am como ele\/<\/strong> O ministro da Economia, Paulo Guedes, n\u00e3o consegue ficar uma semana sem uma declara\u00e7\u00e3o pol\u00eamica. Depois de chamar os servidores de parasitas, agora foi a vez de destilar preconceito contra os mais pobres, mais especificamente, os empregados dom\u00e9sticos, ao mencionar o d\u00f3lar caro, que, segundo o ministro, \u00e9 bom, porque \u201cestava uma festa danada\u201d. Sinal de que o governo n\u00e3o tem muita preocupa\u00e7\u00e3o em acabar com a desigualdade e quer o mercado da Disney apenas para o andar de cima.<\/p>\n","protected":false},"excerpt":{"rendered":"<p>Coluna Bras\u00edlia-DF Seis por meia d\u00fazia. \u00c9 assim que os congressistas se referem \u00e0s mudan\u00e7as que o presidente Jair Bolsonaro pretende fazer na sua equipe, substituindo Onyx Lorenzoni pelo general Braga Netto na Casa Civil. \u00c9 o refor\u00e7o dos militares no governo, que haviam perdido terreno num determinado momento e agora retomam com for\u00e7a. E sem aproveitar a troca para [&hellip;]<\/p>\n","protected":false},"author":29,"featured_media":4837,"comment_status":"closed","ping_status":"closed","sticky":false,"template":"","format":"standard","meta":{"footnotes":""},"categories":[4],"tags":[120,253,74,69,252],"class_list":["post-4836","post","type-post","status-publish","format-standard","has-post-thumbnail","hentry","category-coluna-brasilia-df","tag-casa-civil","tag-cidadania","tag-mdb","tag-onyx","tag-osmar-terra"],"_links":{"self":[{"href":"https:\/\/blogs.correiobraziliense.com.br\/denise\/wp-json\/wp\/v2\/posts\/4836","targetHints":{"allow":["GET"]}}],"collection":[{"href":"https:\/\/blogs.correiobraziliense.com.br\/denise\/wp-json\/wp\/v2\/posts"}],"about":[{"href":"https:\/\/blogs.correiobraziliense.com.br\/denise\/wp-json\/wp\/v2\/types\/post"}],"author":[{"embeddable":true,"href":"https:\/\/blogs.correiobraziliense.com.br\/denise\/wp-json\/wp\/v2\/users\/29"}],"replies":[{"embeddable":true,"href":"https:\/\/blogs.correiobraziliense.com.br\/denise\/wp-json\/wp\/v2\/comments?post=4836"}],"version-history":[{"count":1,"href":"https:\/\/blogs.correiobraziliense.com.br\/denise\/wp-json\/wp\/v2\/posts\/4836\/revisions"}],"predecessor-version":[{"id":4838,"href":"https:\/\/blogs.correiobraziliense.com.br\/denise\/wp-json\/wp\/v2\/posts\/4836\/revisions\/4838"}],"wp:featuredmedia":[{"embeddable":true,"href":"https:\/\/blogs.correiobraziliense.com.br\/denise\/wp-json\/wp\/v2\/media\/4837"}],"wp:attachment":[{"href":"https:\/\/blogs.correiobraziliense.com.br\/denise\/wp-json\/wp\/v2\/media?parent=4836"}],"wp:term":[{"taxonomy":"category","embeddable":true,"href":"https:\/\/blogs.correiobraziliense.com.br\/denise\/wp-json\/wp\/v2\/categories?post=4836"},{"taxonomy":"post_tag","embeddable":true,"href":"https:\/\/blogs.correiobraziliense.com.br\/denise\/wp-json\/wp\/v2\/tags?post=4836"}],"curies":[{"name":"wp","href":"https:\/\/api.w.org\/{rel}","templated":true}]}}