{"id":4833,"date":"2020-02-12T08:20:36","date_gmt":"2020-02-12T11:20:36","guid":{"rendered":"https:\/\/blogs.correiobraziliense.com.br\/denise\/?p=4833"},"modified":"2020-02-12T08:20:36","modified_gmt":"2020-02-12T11:20:36","slug":"governadores-pleiteiam-fatia-de-fundos-que-o-governo-federal-pretende-extinguir","status":"publish","type":"post","link":"https:\/\/blogs.correiobraziliense.com.br\/denise\/governadores-pleiteiam-fatia-de-fundos-que-o-governo-federal-pretende-extinguir\/","title":{"rendered":"Governadores pleiteiam fatia de fundos que o governo federal pretende extinguir"},"content":{"rendered":"<h6><strong>Coluna Bras\u00edlia-DF<\/strong><\/h6>\n<p>O consenso dos governadores vai muito al\u00e9m da manuten\u00e7\u00e3o do ICMS enquanto n\u00e3o houver uma ampla reforma tribut\u00e1ria. Nesse tema, houve uma tr\u00e9gua, mas em outros, n\u00e3o. Eles querem ainda que os recursos dos fundos que o governo federal pretende extinguir sejam destinados a investimentos em toda a Federa\u00e7\u00e3o e n\u00e3o sejam canalizados em bloco para o pagamento de d\u00edvidas da Uni\u00e3o. O relator no Senado, Otto Alencar, j\u00e1 destinou parte a alguns projetos, como o combate \u00e0 pobreza, mas os governadores querem mais.<\/p>\n<p>A discuss\u00e3o da PEC dos fundos na reuni\u00e3o dos governadores, feita na parte que n\u00e3o contou com a participa\u00e7\u00e3o do ministro Paulo Guedes, indica que as diverg\u00eancias entre o governo federal e os estados v\u00e3o extrapolar a reforma tribut\u00e1ria. Como diz o velho ditado: em casa que falta p\u00e3o, todo mundo briga e ningu\u00e9m tem raz\u00e3o.<\/p>\n<h2>\n<strong>Os arrependidos<\/strong><\/h2>\n<p>O desfecho do acordo para execu\u00e7\u00e3o do Or\u00e7amento levou o governo a perceber a dura realidade de n\u00e3o ter prestado muita aten\u00e7\u00e3o \u00e0 articula\u00e7\u00e3o pol\u00edtica dentro da Comiss\u00e3o Mista de Or\u00e7amento no ano passado. Agora, o ministro da Secretaria de Governo, Eduardo Ramos, que, quando chegou ao governo o estrago j\u00e1 estava feito, planeja n\u00e3o tirar os olhos de l\u00e1.<\/p>\n<h2>\n<strong>Ficamos assim<\/strong><\/h2>\n<p>O acordo para derrubada dos vetos n\u00e3o era nem de longe o que o governo desejava, mas foi o que deu para fazer. Pelo menos, n\u00e3o haver\u00e1 puni\u00e7\u00e3o dos gestores que n\u00e3o cumprirem o cronograma de libera\u00e7\u00e3o das emendas. Menos pior. O ministro, portanto, tem mesmo que comemorar.<\/p>\n<h2>\n<strong>A ordem \u00e9 distensionar<\/strong><\/h2>\n<p>A presen\u00e7a dos presidentes da C\u00e2mara, Rodrigo Maia; do Senado, Davi Alcolumbre; e do STF, Dias Toffoli, na posse do novo ministro do Desenvolvimento, Rog\u00e9rio Marinho, foi um sinal de que o governo ganha mais um interlocutor. N\u00e3o s\u00f3 para tentar auxiliar na constru\u00e7\u00e3o de um di\u00e1logo mais amplo e aberto com o Congresso, mas tamb\u00e9m com o Judici\u00e1rio. H\u00e1 tempos, uma posse n\u00e3o era t\u00e3o prestigiada.<\/p>\n<h2>\n<strong>Virou vale-tudo<\/strong><\/h2>\n<p>O recurso que o procurador-geral Augusto Aras apresentou para tentar barrar a dela\u00e7\u00e3o premiada do ex-governador S\u00e9rgio Cabral est\u00e1 fundamentada em parte de investiga\u00e7\u00f5es ainda em curso e na certeza de que o ex-governador dir\u00e1 qualquer coisa para sair da cadeia. At\u00e9 mentir sobre terceiros.<\/p>\n<p><strong>PT no Planalto&#8230;\/<\/strong> \u2026 e aplaudindo o presidente Jair Bolsonaro. Sim, essa cena existiu. O governador do Cear\u00e1, Camilo Santana, fez quest\u00e3o de comparecer \u00e0 posse do ministro do Desenvolvimento Regional, Rog\u00e9rio Marinho. \u00c9 nesse minist\u00e9rio que muitos governadores de oposi\u00e7\u00e3o emplacam seus projetos.<\/p>\n<p><strong>Em bloco\/<\/strong> Outra petista no Planalto era a governadora do Rio Grande do Norte, F\u00e1tima Bezerra. Afinal, Marinho \u00e9 potiguar. Resta saber se o ministro conseguir\u00e1 fazer com que os petistas votem com o governo em algum projeto. At\u00e9 aqui, foi dif\u00edcil essa concilia\u00e7\u00e3o.<\/p>\n<p><strong>Cobran\u00e7a de bagagens\/<\/strong> A novela n\u00e3o terminou com o veto do presidente Jair Bolsonaro \u00e0 gratuidade. Agora, a deputada Perp\u00e9tua Almeida (PCdoB-AC) acaba de apresentar uma nova proposta para proibir a cobran\u00e7a por uma bagagem despachada.<\/p>\n<p><strong>Ibaneis ganha pontos\/<\/strong> O governador do Distrito Federal, Ibaneis Rocha, foi elogiado pelos colegas por causa da saia justa que colocou no ministro da Economia, Paulo Guedes, ao mencionar a posi\u00e7\u00e3o do presidente, de querer desafiar os comandantes dos estados a zerar o ICMS dos combust\u00edveis<\/p>\n","protected":false},"excerpt":{"rendered":"<p>Coluna Bras\u00edlia-DF O consenso dos governadores vai muito al\u00e9m da manuten\u00e7\u00e3o do ICMS enquanto n\u00e3o houver uma ampla reforma tribut\u00e1ria. Nesse tema, houve uma tr\u00e9gua, mas em outros, n\u00e3o. Eles querem ainda que os recursos dos fundos que o governo federal pretende extinguir sejam destinados a investimentos em toda a Federa\u00e7\u00e3o e n\u00e3o sejam canalizados em bloco para o pagamento [&hellip;]<\/p>\n","protected":false},"author":29,"featured_media":4834,"comment_status":"closed","ping_status":"closed","sticky":false,"template":"","format":"standard","meta":{"footnotes":""},"categories":[4],"tags":[251,250,234],"class_list":["post-4833","post","type-post","status-publish","format-standard","has-post-thumbnail","hentry","category-coluna-brasilia-df","tag-fundo","tag-governadores","tag-ibaneis-rocha"],"_links":{"self":[{"href":"https:\/\/blogs.correiobraziliense.com.br\/denise\/wp-json\/wp\/v2\/posts\/4833","targetHints":{"allow":["GET"]}}],"collection":[{"href":"https:\/\/blogs.correiobraziliense.com.br\/denise\/wp-json\/wp\/v2\/posts"}],"about":[{"href":"https:\/\/blogs.correiobraziliense.com.br\/denise\/wp-json\/wp\/v2\/types\/post"}],"author":[{"embeddable":true,"href":"https:\/\/blogs.correiobraziliense.com.br\/denise\/wp-json\/wp\/v2\/users\/29"}],"replies":[{"embeddable":true,"href":"https:\/\/blogs.correiobraziliense.com.br\/denise\/wp-json\/wp\/v2\/comments?post=4833"}],"version-history":[{"count":1,"href":"https:\/\/blogs.correiobraziliense.com.br\/denise\/wp-json\/wp\/v2\/posts\/4833\/revisions"}],"predecessor-version":[{"id":4835,"href":"https:\/\/blogs.correiobraziliense.com.br\/denise\/wp-json\/wp\/v2\/posts\/4833\/revisions\/4835"}],"wp:featuredmedia":[{"embeddable":true,"href":"https:\/\/blogs.correiobraziliense.com.br\/denise\/wp-json\/wp\/v2\/media\/4834"}],"wp:attachment":[{"href":"https:\/\/blogs.correiobraziliense.com.br\/denise\/wp-json\/wp\/v2\/media?parent=4833"}],"wp:term":[{"taxonomy":"category","embeddable":true,"href":"https:\/\/blogs.correiobraziliense.com.br\/denise\/wp-json\/wp\/v2\/categories?post=4833"},{"taxonomy":"post_tag","embeddable":true,"href":"https:\/\/blogs.correiobraziliense.com.br\/denise\/wp-json\/wp\/v2\/tags?post=4833"}],"curies":[{"name":"wp","href":"https:\/\/api.w.org\/{rel}","templated":true}]}}