{"id":4828,"date":"2020-02-10T08:04:49","date_gmt":"2020-02-10T11:04:49","guid":{"rendered":"https:\/\/blogs.correiobraziliense.com.br\/denise\/?p=4828"},"modified":"2020-02-10T08:04:49","modified_gmt":"2020-02-10T11:04:49","slug":"mobilizacao-do-brasil-contra-coronavirus-contrasta-com-o-combate-a-dengue","status":"publish","type":"post","link":"https:\/\/blogs.correiobraziliense.com.br\/denise\/mobilizacao-do-brasil-contra-coronavirus-contrasta-com-o-combate-a-dengue\/","title":{"rendered":"Mobiliza\u00e7\u00e3o brasileira contra coronav\u00edrus contrasta com o combate \u00e0 dengue"},"content":{"rendered":"<h6><strong>Coluna Bras\u00edlia-DF<\/strong><\/h6>\n<p>A mobiliza\u00e7\u00e3o dos poderes federais contra a amea\u00e7a do coronav\u00edrus ao Brasil mostra que as institui\u00e7\u00f5es \u2013 leia-se, os seus representantes \u2013 s\u00e3o capazes de tomar provid\u00eancias para situa\u00e7\u00f5es consideradas emergenciais. Com uma celeridade poucas vezes vista em Bras\u00edlia, o Executivo e o Legislativo definiram os termos da lei da quarentena; o governo preparou uma opera\u00e7\u00e3o para repatriar da China 34 brasileiros assintom\u00e1ticos do coronav\u00edrus; o Minist\u00e9rio da Sa\u00fade atualiza diariamente os n\u00fameros de casos suspeitos; a pasta liberou R$ 140 milh\u00f5es para compra de insumos contra a doen\u00e7a; orientou as secretarias estaduais na preven\u00e7\u00e3o contra o coronav\u00edrus; capacitou equipes m\u00e9dicas de pa\u00edses vizinhos.<\/p>\n<p>Chama a aten\u00e7\u00e3o o trabalho para combater uma doen\u00e7a que, at\u00e9 sexta-feira, contabilizava oito casos suspeitos no pa\u00eds. \u00c9 uma mobiliza\u00e7\u00e3o que contrasta com os males causados por outro agente transmissor, velho conhecido dos brasileiros: o v\u00edrus da dengue. Segundo dados do Minist\u00e9rio da Sa\u00fade, a dengue j\u00e1 matou 14 brasileiros em 2020. \u00c9 tr\u00eas vezes mais do que o n\u00famero de \u00f3bitos registrado no mesmo per\u00edodo em 2019. O pa\u00eds j\u00e1 soma 94 mil casos este ano.<\/p>\n<p>\u00c9 de se perguntar quando \u2013 e se \u2013 as autoridades mostrar\u00e3o a mesma presteza para combater esse mal t\u00e3o brasileiro.<\/p>\n<h2>\n<strong>Manh\u00e3s agitadas<\/strong><\/h2>\n<p>Desde que o Legislativo voltou aos trabalhos, as manh\u00e3s na resid\u00eancia oficial do presidente da C\u00e2mara, Rodrigo Maia, t\u00eam sido bastante movimentadas. Os acordos e defini\u00e7\u00f5es sobre pautas e prioridades junto aos l\u00edderes est\u00e3o ocorrendo l\u00e1 em vez de ocorrer no Congresso. Um dos visitantes foi o presidente do Banco Central, Roberto Campos Neto. Ele bateu \u00e0 porta de Maia nesta semana em busca de apoio para acelerar a vota\u00e7\u00e3o do projeto que trata da independ\u00eancia do Banco Central.<\/p>\n<h2>\n<strong>Novas instala\u00e7\u00f5es<\/strong><\/h2>\n<p>Com o fim do recesso, jornalistas foram surpreendidos com novos banheiros masculino e feminino no comit\u00ea de imprensa ao lado do Plen\u00e1rio da C\u00e2mara. Est\u00e3o maiores e mais arrumados, e um deles tem acesso para deficientes. Contudo, no primeiro dia, o banheiro novo deu defeito e precisou ser interditado. No dia seguinte, o problema de entupimento e vazamento havia sido sanado.<\/p>\n<h2>\n<strong>A outra reforma<\/strong><\/h2>\n<p>Procurada, a assessoria da C\u00e2mara informou que a reforma \u201cteve a finalidade de adaptar o espa\u00e7o para acessibilidade e de substituir as instala\u00e7\u00f5es hidr\u00e1ulicas e sanit\u00e1rias, de a\u00e7o galvanizado, com elevado grau de desgaste, que provocavam frequentes vazamentos\u201d. Ainda informou que as obras duraram cerca de 75 dias e os recursos utilizados na obra \u201cfazem parte de um contrato geral de presta\u00e7\u00e3o de servi\u00e7os de manuten\u00e7\u00e3o de edifica\u00e7\u00f5es civis com fornecimento de material por demanda\u201d.<\/p>\n<h2>\n<strong>No fundo<\/strong><\/h2>\n<p>Na pr\u00f3xima ter\u00e7a-feira, a Comiss\u00e3o de Constitui\u00e7\u00e3o e Justi\u00e7a do Senado centra as aten\u00e7\u00f5es na PEC da Desvincula\u00e7\u00e3o dos Fundos. Ser\u00e3o ouvidos especialistas para debater medidas que permitam destravar os recursos bloqueados em fundos infraconstitucionais. Os integrantes da CCJ devem votar a PEC dos Fundos na quarta-feira.<\/p>\n<h2>\n<strong>\u201cUltra far right\u201d<\/strong><\/h2>\n<p>Em Londres, onde a maioria dos brit\u00e2nicos \u00e9 mais liberal e votou contra o Brexit, os brasileiros agora s\u00e3o vistos como cidad\u00e3os de um pa\u00eds governado por um presidente muito mais conservador do que o atual primeiro-ministro brit\u00e2nico, Boris Johnson. L\u00e1, o presidente Jair Bolsonaro \u00e9 visto como um representante da \u201cUltra far right\u201d ou \u201cultra- extrema-direita\u201d.<\/p>\n<p>Esse foi o termo usado por um agente da imigra\u00e7\u00e3o para qualificar o presidente brasileiro a uma turista brasileira assim que ela pisou na capital da Inglaterra, poucos dias depois do epis\u00f3dio que repercutiu internacionalmente de o ex-secret\u00e1rio da Cultura, Roberto Alvim, fazer apologia ao nazismo.<\/p>\n","protected":false},"excerpt":{"rendered":"<p>Coluna Bras\u00edlia-DF A mobiliza\u00e7\u00e3o dos poderes federais contra a amea\u00e7a do coronav\u00edrus ao Brasil mostra que as institui\u00e7\u00f5es \u2013 leia-se, os seus representantes \u2013 s\u00e3o capazes de tomar provid\u00eancias para situa\u00e7\u00f5es consideradas emergenciais. Com uma celeridade poucas vezes vista em Bras\u00edlia, o Executivo e o Legislativo definiram os termos da lei da quarentena; o governo preparou uma opera\u00e7\u00e3o para repatriar [&hellip;]<\/p>\n","protected":false},"author":29,"featured_media":4829,"comment_status":"closed","ping_status":"closed","sticky":false,"template":"","format":"standard","meta":{"footnotes":""},"categories":[4],"tags":[243,249,51],"class_list":["post-4828","post","type-post","status-publish","format-standard","has-post-thumbnail","hentry","category-coluna-brasilia-df","tag-coronavirus","tag-dengue","tag-rodrigo-maia"],"_links":{"self":[{"href":"https:\/\/blogs.correiobraziliense.com.br\/denise\/wp-json\/wp\/v2\/posts\/4828","targetHints":{"allow":["GET"]}}],"collection":[{"href":"https:\/\/blogs.correiobraziliense.com.br\/denise\/wp-json\/wp\/v2\/posts"}],"about":[{"href":"https:\/\/blogs.correiobraziliense.com.br\/denise\/wp-json\/wp\/v2\/types\/post"}],"author":[{"embeddable":true,"href":"https:\/\/blogs.correiobraziliense.com.br\/denise\/wp-json\/wp\/v2\/users\/29"}],"replies":[{"embeddable":true,"href":"https:\/\/blogs.correiobraziliense.com.br\/denise\/wp-json\/wp\/v2\/comments?post=4828"}],"version-history":[{"count":1,"href":"https:\/\/blogs.correiobraziliense.com.br\/denise\/wp-json\/wp\/v2\/posts\/4828\/revisions"}],"predecessor-version":[{"id":4830,"href":"https:\/\/blogs.correiobraziliense.com.br\/denise\/wp-json\/wp\/v2\/posts\/4828\/revisions\/4830"}],"wp:featuredmedia":[{"embeddable":true,"href":"https:\/\/blogs.correiobraziliense.com.br\/denise\/wp-json\/wp\/v2\/media\/4829"}],"wp:attachment":[{"href":"https:\/\/blogs.correiobraziliense.com.br\/denise\/wp-json\/wp\/v2\/media?parent=4828"}],"wp:term":[{"taxonomy":"category","embeddable":true,"href":"https:\/\/blogs.correiobraziliense.com.br\/denise\/wp-json\/wp\/v2\/categories?post=4828"},{"taxonomy":"post_tag","embeddable":true,"href":"https:\/\/blogs.correiobraziliense.com.br\/denise\/wp-json\/wp\/v2\/tags?post=4828"}],"curies":[{"name":"wp","href":"https:\/\/api.w.org\/{rel}","templated":true}]}}