{"id":4808,"date":"2020-02-04T07:51:00","date_gmt":"2020-02-04T10:51:00","guid":{"rendered":"https:\/\/blogs.correiobraziliense.com.br\/denise\/?p=4808"},"modified":"2020-02-04T07:51:00","modified_gmt":"2020-02-04T10:51:00","slug":"senadores-vao-cobrar-de-bolsonaro-medidas-para-gerar-emprego-e-renda","status":"publish","type":"post","link":"https:\/\/blogs.correiobraziliense.com.br\/denise\/senadores-vao-cobrar-de-bolsonaro-medidas-para-gerar-emprego-e-renda\/","title":{"rendered":"Senadores v\u00e3o cobrar de Bolsonaro medidas para gerar emprego e renda"},"content":{"rendered":"<h6><strong>Coluna Bras\u00edlia-DF<\/strong><\/h6>\n<p>A depender das conversas dos senadores de oposi\u00e7\u00e3o nesse retorno do Congresso, a ordem \u00e9 dedicar dia e noite a cobrar do governo Jair Bolsonaro medidas que ampliem a distribui\u00e7\u00e3o de renda e a cria\u00e7\u00e3o de empregos, algo que melhorou, mas ainda n\u00e3o o suficiente.<\/p>\n<p>A ideia \u00e9 passar aos eleitores a vis\u00e3o de que a pol\u00edtica econ\u00f4mica, at\u00e9 aqui, serviu mais para concentrar renda e deixar os mais pobres ainda mais pobres, e bater no desconto do seguro-desemprego.<\/p>\n<p>Ainda que, nos \u00faltimos anos de governo da presidente Dilma Rousseff, a situa\u00e7\u00e3o tivesse deteriorado, os oposicionistas avaliam que ainda ter\u00e3o apelo perante a popula\u00e7\u00e3o mais carente, que ainda n\u00e3o conseguiu recuperar a renda.<\/p>\n<h2>\n<strong>Cadeira vazia<\/strong><\/h2>\n<p>A impress\u00e3o dos deputados \u00e9 a de que o ministro-chefe da Casa Civil Onyx Lorenzoni dificilmente vai recuperar o prest\u00edgio de outrora junto ao presidente. Para completar, h\u00e1 um grupo que ainda n\u00e3o engoliu o ministro da Secretaria de Governo, Eduardo Ramos, como articulador do Planalto. Logo, o di\u00e1logo continuar\u00e1 aos trancos e barrancos, como foi em 2019. No primeiro ano, mal ou bem, a agenda andou.<\/p>\n<h2>\n<strong>\u201cAras, Aras\u201d<\/strong><\/h2>\n<p>O procurador-geral Augusto Aras deixava o plen\u00e1rio da C\u00e2mara, quando foi chamado pelo senador Paulo Rocha (PT-PA), l\u00edder da bancada este ano. Rocha queria marcar uma reuni\u00e3o dos petistas com o comandante supremo do Minist\u00e9rio P\u00fablico.<\/p>\n<h2>\n<strong>Passa l\u00e1 em casa!<\/strong><\/h2>\n<p>Institucional e defensor das rela\u00e7\u00f5es republicanas mais corretas, Aras foi direto: \u201cClaro, basta o senhor entrar em contato com a minha assessoria e marcar uma audi\u00eancia\u201d. Nada fora do script.<\/p>\n<h2>\n<strong>Pauta n\u00e3o falta<\/strong><\/h2>\n<p>\u00c0 coluna, Rocha afirma que se trata de um pedido de visita de cortesia, mas com algum cunho pol\u00edtico. \u201cNossa pauta principal \u00e9 o papel do Minist\u00e9rio P\u00fablico numa democracia\u201d.<\/p>\n<h2><strong><em>CURTIDAS<\/em><\/strong><\/h2>\n<p><strong>Revista no Alvorada\/<\/strong> Quem chega para visitar a entrada do Pal\u00e1cio da Alvorada tem passado por uma revista mais detalhada. As pessoas precisam sair do carro e os policiais fazem uma r\u00e1pida revista no ve\u00edculo.<\/p>\n<p><strong>Mudan\u00e7a total\/<\/strong> At\u00e9 meados de 2019, pelo menos, quem chegava para ver o Alvorada de perto, bastava entregar os documentos para registro na barricada pr\u00f3xima ao hotel Golden Tulip. Agora, dependendo da cara do fregu\u00eas, tem at\u00e9 detector de metais, que a seguran\u00e7a usa. Os uniformes tamb\u00e9m foram trocados. Agora, \u00e9 todo preto. Antes era camuflado.<\/p>\n<p><strong>Primeiro teste\/<\/strong> A Frente Digital do Parlamento, presidida pelo deputado Felipe Rigoni (PSB-ES), conseguiu colocar em pauta o projeto da Lei do Governo Digital. A ideia \u00e9 facilitar a vida do cidad\u00e3o, desde a abertura de empresas at\u00e9 a marca\u00e7\u00e3o de consultas. Resta saber se, com tantas medidas provis\u00f3rias trancando a pauta, haver\u00e1 tempo para aprovar logo essa proposta.<\/p>\n<p><strong>Batata quente\/<\/strong> L\u00edder do governo no Senado, Fernando Bezerra Coelho (MDB-PE) saiu pela tangente, quando perguntado por um rep\u00f3rter qual a avalia\u00e7\u00e3o sobre uma poss\u00edvel convoca\u00e7\u00e3o de Bolsonaro \u00e0 CPI das Fake News: \u201c\u00c9 CPI mista, quem acompanha \u00e9 o l\u00edder Eduardo Gomes!\u201d<\/p>\n","protected":false},"excerpt":{"rendered":"<p>Coluna Bras\u00edlia-DF A depender das conversas dos senadores de oposi\u00e7\u00e3o nesse retorno do Congresso, a ordem \u00e9 dedicar dia e noite a cobrar do governo Jair Bolsonaro medidas que ampliem a distribui\u00e7\u00e3o de renda e a cria\u00e7\u00e3o de empregos, algo que melhorou, mas ainda n\u00e3o o suficiente. A ideia \u00e9 passar aos eleitores a vis\u00e3o de que a pol\u00edtica econ\u00f4mica, [&hellip;]<\/p>\n","protected":false},"author":29,"featured_media":4809,"comment_status":"closed","ping_status":"closed","sticky":false,"template":"","format":"standard","meta":{"footnotes":""},"categories":[4],"tags":[28,241,195],"class_list":["post-4808","post","type-post","status-publish","format-standard","has-post-thumbnail","hentry","category-coluna-brasilia-df","tag-bolsonaro","tag-emprego","tag-senadores"],"_links":{"self":[{"href":"https:\/\/blogs.correiobraziliense.com.br\/denise\/wp-json\/wp\/v2\/posts\/4808","targetHints":{"allow":["GET"]}}],"collection":[{"href":"https:\/\/blogs.correiobraziliense.com.br\/denise\/wp-json\/wp\/v2\/posts"}],"about":[{"href":"https:\/\/blogs.correiobraziliense.com.br\/denise\/wp-json\/wp\/v2\/types\/post"}],"author":[{"embeddable":true,"href":"https:\/\/blogs.correiobraziliense.com.br\/denise\/wp-json\/wp\/v2\/users\/29"}],"replies":[{"embeddable":true,"href":"https:\/\/blogs.correiobraziliense.com.br\/denise\/wp-json\/wp\/v2\/comments?post=4808"}],"version-history":[{"count":1,"href":"https:\/\/blogs.correiobraziliense.com.br\/denise\/wp-json\/wp\/v2\/posts\/4808\/revisions"}],"predecessor-version":[{"id":4810,"href":"https:\/\/blogs.correiobraziliense.com.br\/denise\/wp-json\/wp\/v2\/posts\/4808\/revisions\/4810"}],"wp:featuredmedia":[{"embeddable":true,"href":"https:\/\/blogs.correiobraziliense.com.br\/denise\/wp-json\/wp\/v2\/media\/4809"}],"wp:attachment":[{"href":"https:\/\/blogs.correiobraziliense.com.br\/denise\/wp-json\/wp\/v2\/media?parent=4808"}],"wp:term":[{"taxonomy":"category","embeddable":true,"href":"https:\/\/blogs.correiobraziliense.com.br\/denise\/wp-json\/wp\/v2\/categories?post=4808"},{"taxonomy":"post_tag","embeddable":true,"href":"https:\/\/blogs.correiobraziliense.com.br\/denise\/wp-json\/wp\/v2\/tags?post=4808"}],"curies":[{"name":"wp","href":"https:\/\/api.w.org\/{rel}","templated":true}]}}