{"id":4805,"date":"2020-02-02T11:27:30","date_gmt":"2020-02-02T14:27:30","guid":{"rendered":"https:\/\/blogs.correiobraziliense.com.br\/denise\/?p=4805"},"modified":"2020-02-02T11:27:46","modified_gmt":"2020-02-02T14:27:46","slug":"em-ano-eleitoral-congresso-vai-deixar-de-molho-proposta-de-extincao-de-municipios","status":"publish","type":"post","link":"https:\/\/blogs.correiobraziliense.com.br\/denise\/em-ano-eleitoral-congresso-vai-deixar-de-molho-proposta-de-extincao-de-municipios\/","title":{"rendered":"Em ano eleitoral, Congresso vai deixar de molho proposta de extin\u00e7\u00e3o de munic\u00edpios"},"content":{"rendered":"<h6><strong>Coluna Bras\u00edlia-DF<\/strong><\/h6>\n<p>O \u00e2nimo dos congressistas que desembarcam em Bras\u00edlia nesta segunda-feira para a abertura dos trabalhos do Legislativo \u2014 e do Judici\u00e1rio \u2014 indica que o governo n\u00e3o deve esperar muito das excel\u00eancias nesta sess\u00e3o.<\/p>\n<p>A lista de propostas vi\u00e1veis inclui a reforma tribut\u00e1ria, a autonomia do Banco Central, a pris\u00e3o em segunda inst\u00e2ncia, a regula\u00e7\u00e3o do saneamento e a seguran\u00e7a das barragens. H\u00e1 disposi\u00e7\u00e3o em aprovar algo da PEC Emergencial, aquela que corta gastos do governo. At\u00e9 pelo nome, dizem as excel\u00eancias, n\u00e3o d\u00e1 para deixar de molho.<\/p>\n<p>E, em se tratando de um ano eleitoral, e cumprida essa agenda, estar\u00e1 de bom tamanho. O governo, por\u00e9m, deve esquecer a parte do pacto federativo que trata da extin\u00e7\u00e3o de munic\u00edpios em ano eleitoral, inclu\u00edda no Plano Mais Brasil. S\u00f3 se for para um futuro muito distante e depois de ouvida a popula\u00e7\u00e3o. Pelo menos, esse \u00e9 o \u00e2nimo.<\/p>\n<h2>\n<strong>O recado de Bolsonaro<\/strong><\/h2>\n<p>Na mensagem que enviar\u00e1 ao Congresso, o presidente vai bater bumbo nas realiza\u00e7\u00f5es do governo na \u00e1rea econ\u00f4mica e agradecer a ajuda das excel\u00eancias. Tamb\u00e9m dir\u00e1 que, para permanecer nesse rumo, \u00e9 necess\u00e1rio prosseguir na agenda de reformas, crucial para a retomada do emprego. Refor\u00e7ar\u00e1, inclusive, a administrativa, que sofre resist\u00eancias.<\/p>\n<h2>\n<strong>Armadilha<\/strong><\/h2>\n<p>Os parlamentares est\u00e3o desconfiados da s\u00e9rie de 15 prioridades que o governo do presidente Jair Bolsonaro entregou ao Congresso no fim do ano passado. H\u00e1 quem diga que foi feita para desgastar o Legislativo. Algo para, mais \u00e0 frente, permitir o discurso do tipo: \u201ceu fiz a minha parte, reclame deles!\u201d<\/p>\n<p><strong>Quem chega primeiro\u2026<\/strong><br \/>\nConsiderada uma \u00e1rea em que o PT reinava, a Zona Sul de S\u00e3o Paulo ajudou a eleger Jair Bolsonaro em 2018 e tamb\u00e9m Jo\u00e3o Doria. Agora, o governador paulista repete a dose. H\u00e1 quem diga que est\u00e1 em pleno movimento, n\u00e3o s\u00f3 para refor\u00e7ar a presen\u00e7a tucana e embalar Bruno Covas, mas tamb\u00e9m guardar a sua fezinha no futuro um pouco mais distante.<\/p>\n<h2>\n<strong>\u2026 bebe \u00e1gua limpa<\/strong><\/h2>\n<p>Ao contr\u00e1rio do que fez quando ocupou a Prefeitura e viajava Brasil afora tentando angariar simpatias, o governador passa esta temporada pr\u00e9-eleitoral focado nos munic\u00edpios paulistas. Sabe que, se for para ser candidato a presidente, em 2022 ou mais \u00e0 frente, \u00e9 dali que ter\u00e1 que tirar a sua for\u00e7a.<\/p>\n<p><strong>Irrever\u00eancia contida\/<\/strong> O bloco de servidores da Finep \u201cInova que eu gosto\u201d pretendia sair este ano com o samba \u201cTira a m\u00e3o do meu fundo\u201d. Por\u00e9m a dire\u00e7\u00e3o recomendou que os foli\u00f5es buscassem outro tema. A Finep, financiadora de projetos, tem sob seu comando o Fundo Nacional de Desenvolvimento Cient\u00edfico e Tecnol\u00f3gico (FNDCT), que est\u00e1 entre aqueles que o governo pretende desvincular.<\/p>\n<p><strong>N\u00e3o colou I\/<\/strong> A avalia\u00e7\u00e3o dos pol\u00edticos de um modo geral, inclusive de alguns palacianos, \u00e9 a de que o ministro da Educa\u00e7\u00e3o, Abraham Weintraub, tenta misturar as esta\u00e7\u00f5es quando diz que os ataques de Rodrigo Maia representam uma tentativa de desgastar o governo. Por mais que Weintraub seja do governo, as declara\u00e7\u00f5es de Maia miram o portador do CPF.<\/p>\n<p><strong>N\u00e3o colou II\/<\/strong> A foto que o presidente Jair Bolsonaro postou em seu Twitter ao lado do ministro foi um recado ao presidente da C\u00e2mara, Rodrigo Maia. Para muitos, soou mais ou menos assim: enquanto Maia cobrar a cabe\u00e7a do ministro da Educa\u00e7\u00e3o, Weintraub vai\u2026 ficando.<\/p>\n<p><strong>Flores do recesso\/<\/strong> \u00c9 assim que l\u00edderes do governo tratam o caso que deixou o ministro Onyx na berlinda por esses dias. Agora, com o retorno das atividades do Legislativo, o vaso dessa planta volta para dentro do Congresso e fica tudo por isso mesmo.<\/p>\n","protected":false},"excerpt":{"rendered":"<p>Coluna Bras\u00edlia-DF O \u00e2nimo dos congressistas que desembarcam em Bras\u00edlia nesta segunda-feira para a abertura dos trabalhos do Legislativo \u2014 e do Judici\u00e1rio \u2014 indica que o governo n\u00e3o deve esperar muito das excel\u00eancias nesta sess\u00e3o. A lista de propostas vi\u00e1veis inclui a reforma tribut\u00e1ria, a autonomia do Banco Central, a pris\u00e3o em segunda inst\u00e2ncia, a regula\u00e7\u00e3o do saneamento e [&hellip;]<\/p>\n","protected":false},"author":29,"featured_media":4806,"comment_status":"closed","ping_status":"closed","sticky":false,"template":"","format":"standard","meta":{"footnotes":""},"categories":[4],"tags":[28,64,119],"class_list":["post-4805","post","type-post","status-publish","format-standard","has-post-thumbnail","hentry","category-coluna-brasilia-df","tag-bolsonaro","tag-congresso","tag-planalto"],"_links":{"self":[{"href":"https:\/\/blogs.correiobraziliense.com.br\/denise\/wp-json\/wp\/v2\/posts\/4805","targetHints":{"allow":["GET"]}}],"collection":[{"href":"https:\/\/blogs.correiobraziliense.com.br\/denise\/wp-json\/wp\/v2\/posts"}],"about":[{"href":"https:\/\/blogs.correiobraziliense.com.br\/denise\/wp-json\/wp\/v2\/types\/post"}],"author":[{"embeddable":true,"href":"https:\/\/blogs.correiobraziliense.com.br\/denise\/wp-json\/wp\/v2\/users\/29"}],"replies":[{"embeddable":true,"href":"https:\/\/blogs.correiobraziliense.com.br\/denise\/wp-json\/wp\/v2\/comments?post=4805"}],"version-history":[{"count":1,"href":"https:\/\/blogs.correiobraziliense.com.br\/denise\/wp-json\/wp\/v2\/posts\/4805\/revisions"}],"predecessor-version":[{"id":4807,"href":"https:\/\/blogs.correiobraziliense.com.br\/denise\/wp-json\/wp\/v2\/posts\/4805\/revisions\/4807"}],"wp:featuredmedia":[{"embeddable":true,"href":"https:\/\/blogs.correiobraziliense.com.br\/denise\/wp-json\/wp\/v2\/media\/4806"}],"wp:attachment":[{"href":"https:\/\/blogs.correiobraziliense.com.br\/denise\/wp-json\/wp\/v2\/media?parent=4805"}],"wp:term":[{"taxonomy":"category","embeddable":true,"href":"https:\/\/blogs.correiobraziliense.com.br\/denise\/wp-json\/wp\/v2\/categories?post=4805"},{"taxonomy":"post_tag","embeddable":true,"href":"https:\/\/blogs.correiobraziliense.com.br\/denise\/wp-json\/wp\/v2\/tags?post=4805"}],"curies":[{"name":"wp","href":"https:\/\/api.w.org\/{rel}","templated":true}]}}