{"id":4783,"date":"2020-01-30T07:59:36","date_gmt":"2020-01-30T10:59:36","guid":{"rendered":"https:\/\/blogs.correiobraziliense.com.br\/denise\/?p=4783"},"modified":"2020-01-30T08:02:08","modified_gmt":"2020-01-30T11:02:08","slug":"dura-pouco-no-cargo-quem-assume-a-chefia-da-pf-com-a-missao-de-agradar-o-presidente","status":"publish","type":"post","link":"https:\/\/blogs.correiobraziliense.com.br\/denise\/dura-pouco-no-cargo-quem-assume-a-chefia-da-pf-com-a-missao-de-agradar-o-presidente\/","title":{"rendered":"Dura pouco no cargo quem assume a chefia da PF com a miss\u00e3o de agradar o presidente, alertam delegados"},"content":{"rendered":"<h6><strong>Coluna Bras\u00edlia-DF<\/strong><\/h6>\n<p>Em suas rodas de conversa, delegados da Pol\u00edcia Federal citam a mete\u00f3rica passagem de Fernando Seg\u00f3via pelo cargo de diretor-geral como o exemplo do que acontece com quem assume esse posto com a miss\u00e3o de agradar o presidente da Rep\u00fablica. Escolhido pelo presidente Michel Temer por indica\u00e7\u00e3o do MDB enroscado na Lava-Jato, Seg\u00f3via ficou apenas tr\u00eas meses no cargo e saiu sob suspeita de tentar favorecer o chefe do Executivo, ao dizer que a tend\u00eancia era o arquivamento do inqu\u00e9rito contra o emedebista.<\/p>\n<p>Na cerim\u00f4nia de posse, Seg\u00f3via chegou, inclusive, a p\u00f4r em d\u00favida como prova de corrup\u00e7\u00e3o a mala de R$ 500 mil que Rodrigo Rocha Loures carregou por ruas de S\u00e3o Paulo. Seg\u00f3via ficou 99 dias na fun\u00e7\u00e3o. Uma troca de comando na PF por algu\u00e9m da confian\u00e7a do presidente da Rep\u00fablica que mover uma palha para inferir em investiga\u00e7\u00f5es, a fim de tirar os aliados ou parentes presidenciais de alguma irregularidade, termina denunciado pelos pr\u00f3prios colegas delegados, e o exemplo de Seg\u00f3via mostra que a tend\u00eancia \u00e9 vida curta no cargo.<\/p>\n<h2><strong>O novo Davi<\/strong><\/h2>\n<p>Apontado por alguns como \u201cgovernista demais\u201d, o presidente do Senado, Davi Alcolumbre, prepara um discurso de abertura do processo legislativo voltado para a defesa da democracia e do papel do Congresso de fiel da balan\u00e7a e promotor do di\u00e1logo para o bom funcionamento das institui\u00e7\u00f5es do pa\u00eds. Ou seja, vai frisar a independ\u00eancia do Legislativo, de forma a n\u00e3o deixar d\u00favidas sobre a qual institui\u00e7\u00e3o ele pertence.<\/p>\n<h2><strong>Justi\u00e7a seja feita<\/strong><\/h2>\n<p>A fala de Davi n\u00e3o representar\u00e1 um recado ao Planalto e, sim, aos pr\u00f3prios colegas. Afinal, at\u00e9 aqui, todo mundo sabe que o presidente Jair Bolsonaro n\u00e3o tentou nem conseguiu tutelar o Congresso. Tanto \u00e9 que existe uma disputa velada pela paternidade da reforma previdenci\u00e1ria.<\/p>\n<h2><strong>Esta\u00e7\u00f5es separadas<\/strong><\/h2>\n<p>Nas reuni\u00f5es que manteve ao longo do recesso, o presidente da C\u00e2mara, Rodrigo Maia, tratou de alinhavar um acordo de procedimentos para fazer caminhar a reforma tribut\u00e1ria na Casa. Um deles \u00e9 manter em campos separados as reformas administrativa e tribut\u00e1ria. Ainda que o governo mande as duas juntas e pe\u00e7a celeridade em tudo, n\u00e3o vai rolar.<\/p>\n<h2><strong>T\u00e1 ok, mas&#8230;<\/strong><\/h2>\n<p>\u2026 a novela do BNDES e sua auditoria milion\u00e1ria n\u00e3o terminou com a entrevista do presidente do banco, Gustavo Montezano, para dizer que n\u00e3o h\u00e1 irregularidades ali. No pr\u00f3prio Pal\u00e1cio do Planalto, h\u00e1 confian\u00e7a no jovem presidente do BNDES, mas h\u00e1 quem prefira aguardar a manifesta\u00e7\u00e3o dos tarimbados t\u00e9cnicos do Tribunal de Contas da Uni\u00e3o.<\/p>\n<p><strong>Aula liberal\/<\/strong> Deputados do partido Novo aproveitaram o recesso para um giro pelas institui\u00e7\u00f5es que ajudam a embasar o pensamento liberal norte-americano em Washington, como o Heritage Foundation. Estiveram ainda no Fundo Monet\u00e1rio Internacional (FMI).<\/p>\n<p><strong>Torcida liberal\/<\/strong> Em meio \u00e0s conversas, os deputados Marcel Van Hatten, Vin\u00edcius Poit e Alexis Fonteyne captaram o otimismo dos norte-americanos pela continuidade do processo de reformas no Brasil e tamb\u00e9m da perman\u00eancia do presidente Donald Trump no comando dos Estados Unidos.<\/p>\n<p><strong>\u201cPerdi um amigo\u201d\/<\/strong> Abalado com a morte de Ant\u00f4nio Martins, ex-presidente da Radiobr\u00e1s durante seu governo, o ex-presidente Jos\u00e9 Sarney era uma das poucas pessoas a quem Martins visitava antes de a doen\u00e7a (esclerose lateral amiotr\u00f3fica) lhe prender no hospital. \u201cEle me visitava todos os s\u00e1bados. Mantivemos uma amizade muito estreita. Ele marcou a hist\u00f3ria do jornalismo, com programas pol\u00edticos inovadores e informa\u00e7\u00f5es precisas\u201d, disse Sarney \u00e0 coluna.<\/p>\n<p><strong>Medo de povo, eu?!!!\/<\/strong> A prop\u00f3sito da nota publicada, ontem, sobre a limita\u00e7\u00e3o de vagas e o segredo em torno da assinatura do contrato no Porto de Santos, o Minist\u00e9rio da Infraestrutura e a Santos Por Authority esclarecem que \u201ca visita do ministro Tarc\u00edsio de Freitas foi amplamente divulgada e tornada p\u00fablica por meio de sua agenda oficial, seguindo os protocolos oficiais\u201d.<\/p>\n<p>\u201cA SPA desconhece \u00e1udios enviados \u00e0s associa\u00e7\u00f5es e esclarece, ainda, que a limita\u00e7\u00e3o de representantes por associa\u00e7\u00e3o se deu por causa do espa\u00e7o dispon\u00edvel, visto que havia uma coletiva convocada para o local ap\u00f3s a assinatura do contrato com a Hidrovias do Brasil\u201d, diz a nota. Pelo menos em Santos, a agenda s\u00f3 chegou ao conhecimento do p\u00fablico ontem pela manh\u00e3, e as associa\u00e7\u00f5es de empres\u00e1rios garantem que houve pedido de sigilo, a fim de evitar manifesta\u00e7\u00f5es.<\/p>\n","protected":false},"excerpt":{"rendered":"<p>Coluna Bras\u00edlia-DF Em suas rodas de conversa, delegados da Pol\u00edcia Federal citam a mete\u00f3rica passagem de Fernando Seg\u00f3via pelo cargo de diretor-geral como o exemplo do que acontece com quem assume esse posto com a miss\u00e3o de agradar o presidente da Rep\u00fablica. Escolhido pelo presidente Michel Temer por indica\u00e7\u00e3o do MDB enroscado na Lava-Jato, Seg\u00f3via ficou apenas tr\u00eas meses no [&hellip;]<\/p>\n","protected":false},"author":29,"featured_media":4785,"comment_status":"closed","ping_status":"closed","sticky":false,"template":"","format":"standard","meta":{"footnotes":""},"categories":[4],"tags":[],"class_list":["post-4783","post","type-post","status-publish","format-standard","has-post-thumbnail","hentry","category-coluna-brasilia-df"],"_links":{"self":[{"href":"https:\/\/blogs.correiobraziliense.com.br\/denise\/wp-json\/wp\/v2\/posts\/4783","targetHints":{"allow":["GET"]}}],"collection":[{"href":"https:\/\/blogs.correiobraziliense.com.br\/denise\/wp-json\/wp\/v2\/posts"}],"about":[{"href":"https:\/\/blogs.correiobraziliense.com.br\/denise\/wp-json\/wp\/v2\/types\/post"}],"author":[{"embeddable":true,"href":"https:\/\/blogs.correiobraziliense.com.br\/denise\/wp-json\/wp\/v2\/users\/29"}],"replies":[{"embeddable":true,"href":"https:\/\/blogs.correiobraziliense.com.br\/denise\/wp-json\/wp\/v2\/comments?post=4783"}],"version-history":[{"count":2,"href":"https:\/\/blogs.correiobraziliense.com.br\/denise\/wp-json\/wp\/v2\/posts\/4783\/revisions"}],"predecessor-version":[{"id":4786,"href":"https:\/\/blogs.correiobraziliense.com.br\/denise\/wp-json\/wp\/v2\/posts\/4783\/revisions\/4786"}],"wp:featuredmedia":[{"embeddable":true,"href":"https:\/\/blogs.correiobraziliense.com.br\/denise\/wp-json\/wp\/v2\/media\/4785"}],"wp:attachment":[{"href":"https:\/\/blogs.correiobraziliense.com.br\/denise\/wp-json\/wp\/v2\/media?parent=4783"}],"wp:term":[{"taxonomy":"category","embeddable":true,"href":"https:\/\/blogs.correiobraziliense.com.br\/denise\/wp-json\/wp\/v2\/categories?post=4783"},{"taxonomy":"post_tag","embeddable":true,"href":"https:\/\/blogs.correiobraziliense.com.br\/denise\/wp-json\/wp\/v2\/tags?post=4783"}],"curies":[{"name":"wp","href":"https:\/\/api.w.org\/{rel}","templated":true}]}}