{"id":4775,"date":"2020-01-28T08:42:41","date_gmt":"2020-01-28T11:42:41","guid":{"rendered":"https:\/\/blogs.correiobraziliense.com.br\/denise\/?p=4775"},"modified":"2020-01-28T08:42:41","modified_gmt":"2020-01-28T11:42:41","slug":"fraga-fica-sem-ministerio-algum-por-criticar-moro","status":"publish","type":"post","link":"https:\/\/blogs.correiobraziliense.com.br\/denise\/fraga-fica-sem-ministerio-algum-por-criticar-moro\/","title":{"rendered":"Fraga fica sem minist\u00e9rio algum por criticar Moro"},"content":{"rendered":"<h6><strong>Coluna Bras\u00edlia-DF<\/strong><\/h6>\n<p>Depois de o presidente Jair Bolsonaro dizer que \u00e9 zero a possibilidade de separar Justi\u00e7a e Seguran\u00e7a P\u00fablica em dois minist\u00e9rios, aliados do ex-deputado Alberto Fraga (DEM-DF) citam o Minist\u00e9rio da Integra\u00e7\u00e3o como um novo abrigo para acomodar o demista.<\/p>\n<h2>\n<strong>S\u00f3 tem um problema<\/strong><\/h2>\n<p>As recentes declara\u00e7\u00f5es do ex-deputado <a href=\"https:\/\/blogs.correiobraziliense.com.br\/cbpoder\/heroi-nacional-pra-mim-foi-o-tiradentes-diz-fraga-sobre-moro\/\">batendo no ministro S\u00e9rgio Moro<\/a> n\u00e3o foram bem recebidas. H\u00e1 quem diga que \u00e9 muito ruim levar para o primeiro escal\u00e3o algu\u00e9m que criticou abertamente um \u201ccolega\u201d de minist\u00e9rio. Bolsonaro j\u00e1 disse diversas vezes que n\u00e3o quer seus ministros brigando nem batendo boca nos jornais. Diante dos ataques de Fraga a Moro, o ex-deputado ficar\u00e1 mais um tempo na reserva.<\/p>\n","protected":false},"excerpt":{"rendered":"<p>Coluna Bras\u00edlia-DF Depois de o presidente Jair Bolsonaro dizer que \u00e9 zero a possibilidade de separar Justi\u00e7a e Seguran\u00e7a P\u00fablica em dois minist\u00e9rios, aliados do ex-deputado Alberto Fraga (DEM-DF) citam o Minist\u00e9rio da Integra\u00e7\u00e3o como um novo abrigo para acomodar o demista. S\u00f3 tem um problema As recentes declara\u00e7\u00f5es do ex-deputado batendo no ministro S\u00e9rgio Moro n\u00e3o foram bem recebidas. [&hellip;]<\/p>\n","protected":false},"author":29,"featured_media":4777,"comment_status":"closed","ping_status":"closed","sticky":false,"template":"","format":"standard","meta":{"footnotes":""},"categories":[4],"tags":[30,28,96],"class_list":["post-4775","post","type-post","status-publish","format-standard","has-post-thumbnail","hentry","category-coluna-brasilia-df","tag-alberto-fraga","tag-bolsonaro","tag-sergio-moro"],"_links":{"self":[{"href":"https:\/\/blogs.correiobraziliense.com.br\/denise\/wp-json\/wp\/v2\/posts\/4775","targetHints":{"allow":["GET"]}}],"collection":[{"href":"https:\/\/blogs.correiobraziliense.com.br\/denise\/wp-json\/wp\/v2\/posts"}],"about":[{"href":"https:\/\/blogs.correiobraziliense.com.br\/denise\/wp-json\/wp\/v2\/types\/post"}],"author":[{"embeddable":true,"href":"https:\/\/blogs.correiobraziliense.com.br\/denise\/wp-json\/wp\/v2\/users\/29"}],"replies":[{"embeddable":true,"href":"https:\/\/blogs.correiobraziliense.com.br\/denise\/wp-json\/wp\/v2\/comments?post=4775"}],"version-history":[{"count":2,"href":"https:\/\/blogs.correiobraziliense.com.br\/denise\/wp-json\/wp\/v2\/posts\/4775\/revisions"}],"predecessor-version":[{"id":4779,"href":"https:\/\/blogs.correiobraziliense.com.br\/denise\/wp-json\/wp\/v2\/posts\/4775\/revisions\/4779"}],"wp:featuredmedia":[{"embeddable":true,"href":"https:\/\/blogs.correiobraziliense.com.br\/denise\/wp-json\/wp\/v2\/media\/4777"}],"wp:attachment":[{"href":"https:\/\/blogs.correiobraziliense.com.br\/denise\/wp-json\/wp\/v2\/media?parent=4775"}],"wp:term":[{"taxonomy":"category","embeddable":true,"href":"https:\/\/blogs.correiobraziliense.com.br\/denise\/wp-json\/wp\/v2\/categories?post=4775"},{"taxonomy":"post_tag","embeddable":true,"href":"https:\/\/blogs.correiobraziliense.com.br\/denise\/wp-json\/wp\/v2\/tags?post=4775"}],"curies":[{"name":"wp","href":"https:\/\/api.w.org\/{rel}","templated":true}]}}