{"id":4767,"date":"2020-01-27T08:07:30","date_gmt":"2020-01-27T11:07:30","guid":{"rendered":"https:\/\/blogs.correiobraziliense.com.br\/denise\/?p=4767"},"modified":"2020-01-27T08:07:30","modified_gmt":"2020-01-27T11:07:30","slug":"inexperiencia-politica-fara-psl-perder-presidencia-da-ccj","status":"publish","type":"post","link":"https:\/\/blogs.correiobraziliense.com.br\/denise\/inexperiencia-politica-fara-psl-perder-presidencia-da-ccj\/","title":{"rendered":"Inexperi\u00eancia pol\u00edtica far\u00e1 PSL perder presid\u00eancia da CCJ"},"content":{"rendered":"<h2><strong>Coluna Bras\u00edlia-DF<\/strong><\/h2>\n<p>A C\u00e2mara vai come\u00e7ar 2020 escanteando o grupo mais ligado ao presidente Jair Bolsonaro, leia-se a deputada Bia Kicis (PSL-DF), da presid\u00eancia da comiss\u00e3o mais importante da Casa. O PSL havia fechado um acordo para que ela comandasse a Comiss\u00e3o de Constitui\u00e7\u00e3o e Justi\u00e7a, no sistema de rod\u00edzio. O entendimento dos demais partidos do bloco que definiu a distribui\u00e7\u00e3o das comiss\u00f5es em 2019 \u00e9 o de que o acordo para o rod\u00edzio \u00e9 de partidos e n\u00e3o de pessoas dentro da mesma bancada.<\/p>\n<h2>\n<strong>Comeu mosca<\/strong><\/h2>\n<p>O PSL, t\u00e3o envolto nas brigas internas e com l\u00edderes rec\u00e9m-chegados \u00e0s manhas de linguagem do poder, n\u00e3o perguntou \u00e0 \u00e9poca aos demais partidos que tipo de rod\u00edzio era. O presidente da C\u00e2mara, Rodrigo Maia, tem dito inclusive que o PSL s\u00f3 ficou com a CCJ no primeiro ano, por causa do acordo de revezamento entre as legendas. Agora, ter\u00e1 que se contentar com um espa\u00e7o menor. Em pol\u00edtica \u00e9 assim: Quem entende e pode mais chora menos.<\/p>\n<h2>\n<strong>Causa perdida<\/strong><\/h2>\n<p>Bia Kicis ainda vai tentar disputar pelo PSL levantando a bandeira do presidente Jair Bolsonaro. Por\u00e9m, com as outras legendas fechadas no acordo do bloco, a chance de sucesso \u00e9 zero. Nesse rod\u00edzio, h\u00e1 quem diga que restar\u00e1 ao PSL uma fatia de \u201cp\u00e3o de alho\u201d. E fria.<\/p>\n","protected":false},"excerpt":{"rendered":"<p>Coluna Bras\u00edlia-DF A C\u00e2mara vai come\u00e7ar 2020 escanteando o grupo mais ligado ao presidente Jair Bolsonaro, leia-se a deputada Bia Kicis (PSL-DF), da presid\u00eancia da comiss\u00e3o mais importante da Casa. O PSL havia fechado um acordo para que ela comandasse a Comiss\u00e3o de Constitui\u00e7\u00e3o e Justi\u00e7a, no sistema de rod\u00edzio. O entendimento dos demais partidos do bloco que definiu a [&hellip;]<\/p>\n","protected":false},"author":29,"featured_media":4770,"comment_status":"closed","ping_status":"closed","sticky":false,"template":"","format":"standard","meta":{"footnotes":""},"categories":[4],"tags":[36,204,95,38],"class_list":["post-4767","post","type-post","status-publish","format-standard","has-post-thumbnail","hentry","category-coluna-brasilia-df","tag-bia-kicis","tag-camara-dos-deputados","tag-ccj","tag-psl"],"_links":{"self":[{"href":"https:\/\/blogs.correiobraziliense.com.br\/denise\/wp-json\/wp\/v2\/posts\/4767","targetHints":{"allow":["GET"]}}],"collection":[{"href":"https:\/\/blogs.correiobraziliense.com.br\/denise\/wp-json\/wp\/v2\/posts"}],"about":[{"href":"https:\/\/blogs.correiobraziliense.com.br\/denise\/wp-json\/wp\/v2\/types\/post"}],"author":[{"embeddable":true,"href":"https:\/\/blogs.correiobraziliense.com.br\/denise\/wp-json\/wp\/v2\/users\/29"}],"replies":[{"embeddable":true,"href":"https:\/\/blogs.correiobraziliense.com.br\/denise\/wp-json\/wp\/v2\/comments?post=4767"}],"version-history":[{"count":1,"href":"https:\/\/blogs.correiobraziliense.com.br\/denise\/wp-json\/wp\/v2\/posts\/4767\/revisions"}],"predecessor-version":[{"id":4771,"href":"https:\/\/blogs.correiobraziliense.com.br\/denise\/wp-json\/wp\/v2\/posts\/4767\/revisions\/4771"}],"wp:featuredmedia":[{"embeddable":true,"href":"https:\/\/blogs.correiobraziliense.com.br\/denise\/wp-json\/wp\/v2\/media\/4770"}],"wp:attachment":[{"href":"https:\/\/blogs.correiobraziliense.com.br\/denise\/wp-json\/wp\/v2\/media?parent=4767"}],"wp:term":[{"taxonomy":"category","embeddable":true,"href":"https:\/\/blogs.correiobraziliense.com.br\/denise\/wp-json\/wp\/v2\/categories?post=4767"},{"taxonomy":"post_tag","embeddable":true,"href":"https:\/\/blogs.correiobraziliense.com.br\/denise\/wp-json\/wp\/v2\/tags?post=4767"}],"curies":[{"name":"wp","href":"https:\/\/api.w.org\/{rel}","templated":true}]}}