{"id":4759,"date":"2020-01-24T08:24:55","date_gmt":"2020-01-24T11:24:55","guid":{"rendered":"https:\/\/blogs.correiobraziliense.com.br\/denise\/?p=4759"},"modified":"2020-01-24T08:24:55","modified_gmt":"2020-01-24T11:24:55","slug":"para-secretarios-estaduais-reducao-de-crimes-nao-foi-obra-unica-de-moro","status":"publish","type":"post","link":"https:\/\/blogs.correiobraziliense.com.br\/denise\/para-secretarios-estaduais-reducao-de-crimes-nao-foi-obra-unica-de-moro\/","title":{"rendered":"Para secret\u00e1rios estaduais, redu\u00e7\u00e3o de crimes n\u00e3o foi obra \u00fanica de Moro"},"content":{"rendered":"<h6><strong>Coluna Bras\u00edlia-DF<\/strong><\/h6>\n<p>O presidente vai deixar \u201cdecantar\u201d a press\u00e3o dos secret\u00e1rios de Seguran\u00e7a para a cria\u00e7\u00e3o do Minist\u00e9rio da Seguran\u00e7a P\u00fablica. Embora diga que est\u00e1 estudando o tema, a mudan\u00e7a ainda n\u00e3o est\u00e1 selada. A grita pol\u00edtica dos secret\u00e1rios, no momento, \u00e9 frisar que a redu\u00e7\u00e3o das taxas de homic\u00eddio do pa\u00eds n\u00e3o foi obra \u00fanica e exclusivamente do ministro da Justi\u00e7a, S\u00e9rgio Moro. Eles querem colocar a pr\u00f3pria digital nesses n\u00fameros.<\/p>\n<h2><strong>Segura isso a\u00ed<\/strong><\/h2>\n<p>Para Bolsonaro, o discurso tamb\u00e9m vem a calhar. Afinal, Moro at\u00e9 aqui isolou os l\u00edderes do crime organizado em pres\u00eddios federais de seguran\u00e7a m\u00e1xima e liberou os recursos dos fundos desse setor por decis\u00e3o judicial. Quem reduziu os crimes, avaliam v\u00e1rios especialistas dessa \u00e1rea, foi o trabalho conjunto das pol\u00edcias Militar, Civil e Bombeiros. Ou seja, as for\u00e7as de seguran\u00e7a estaduais e municipais que n\u00e3o est\u00e3o sob o guarda-chuva de Moro.<\/p>\n<h2><strong>Quem pisca primeiro<\/strong><\/h2>\n<p>Bolsonaro, com essa cobran\u00e7a dos secret\u00e1rios, tem agora a faca na m\u00e3o para fatiar o minist\u00e9rio de Moro e, de quebra, nomear mais um aliado da sua confian\u00e7a para o governo. Na fila, est\u00e1 o ex-deputado Alberto Fraga, um curinga que ainda n\u00e3o conseguiu uma coloca\u00e7\u00e3o, e \u00e9 hoje fiel escudeiro do presidente. Fraga no comando da Pol\u00edcia Federal \u00e9 a certeza de que o presidente ter\u00e1 um ministro que, esse sim, estar\u00e1 com ele \u201cde corpo e alma\u201d. Mais do que Regina Duarte.<\/p>\n<h2><strong>Situa\u00e7\u00e3o jur\u00eddica de Fraga deve ser decidida em fevereiro<\/strong><\/h2>\n<p>Os pol\u00edticos que n\u00e3o desejam apoiar a reelei\u00e7\u00e3o de Bolsonaro come\u00e7am a vislumbrar uma janela para tentar reduzir o favoritismo que o presidente apresenta nas pesquisas: n\u00e3o aliviar para cima do senador Fl\u00e1vio Bolsonaro (sem partido-RJ) e as \u201crachadinhas\u201d. Especialmente, aqueles servidores que o atual senador dividiu com o pai.<\/p>\n<h2><strong>Carnaval salgado<\/strong><\/h2>\n<p>Aqueles que costumam alugar seus apartamentos, para o carnaval de Salvador, praticamente dobraram os pre\u00e7os em rela\u00e7\u00e3o ao ano passado. De R$ 6 mil, R$ 7 mil, saltou para R$ 12 mil.<\/p>\n<h2>\n<strong>O centro e o est\u00e1dio<\/strong><\/h2>\n<p>O megacentro de conven\u00e7\u00f5es de Salvador custou R$ 130 milh\u00f5es e tem tudo para levar investimento e divisas aos baianos. J\u00e1 o est\u00e1dio Man\u00e9 Garrincha do DF\u2026<\/p>\n<h2>\n<strong>O grande vitorioso<\/strong><\/h2>\n<p>Ok, muitos querem a vaga de Bolsonaro. Mas ningu\u00e9m da ala de centro-direita da pol\u00edtica encontrou o ponto certo para fazer frente ao projeto econ\u00f4mico do governo. Guedes \u00e9 elogiado por todos, de p\u00fablico e nos bastidores, e aplaudido de p\u00e9 em Davos.<\/p>\n<p><strong>DEM na fita\/<\/strong> O presidente do Democratas, ACM Neto (foto), inaugurou o Centro de Conven\u00e7\u00f5es de Salvador com uma festa para duas mil pessoas. Rui Costa, que criticou a localiza\u00e7\u00e3o do complexo \u00e0 beira-mar, promete fazer outro, distante da praia.<\/p>\n<p><strong>Agora n\u00e3o precisa mais\/<\/strong> O governador promete o novo centro de conven\u00e7\u00f5es desde 2016. A cidade j\u00e1 perdeu quase R$ 1 bilh\u00e3o por deixar de realizar feiras e semin\u00e1rios internacionais. Resta aos petistas agora, diz Neto, atrair eventos para o centro rec\u00e9m-inaugurado, onde figura um busto do ex-senador e ex-governador Ant\u00f4nio Carlos Magalh\u00e3es.<\/p>\n<p><strong>Foi dada a Largada\/<\/strong> A inaugura\u00e7\u00e3o do Centro marcou o fim da conviv\u00eancia pac\u00edfica entre o prefeito da capital e o governador da Bahia. Com a elei\u00e7\u00e3o municipal logo ali, a cidade virou ponto de honra. ACM Neto quer fazer o sucessor e Rui Costa quer conquistar o territ\u00f3rio.<\/p>\n<p><strong>Que briguem\/<\/strong> Os soteropolitanos nunca foram t\u00e3o felizes. \u00c9 que, diante da disputa entre o prefeito e o governador para ver quem faz mais obras, quem ganha \u00e9 Salvador e sua popula\u00e7\u00e3o.<\/p>\n","protected":false},"excerpt":{"rendered":"<p>Coluna Bras\u00edlia-DF O presidente vai deixar \u201cdecantar\u201d a press\u00e3o dos secret\u00e1rios de Seguran\u00e7a para a cria\u00e7\u00e3o do Minist\u00e9rio da Seguran\u00e7a P\u00fablica. Embora diga que est\u00e1 estudando o tema, a mudan\u00e7a ainda n\u00e3o est\u00e1 selada. A grita pol\u00edtica dos secret\u00e1rios, no momento, \u00e9 frisar que a redu\u00e7\u00e3o das taxas de homic\u00eddio do pa\u00eds n\u00e3o foi obra \u00fanica e exclusivamente do ministro [&hellip;]<\/p>\n","protected":false},"author":29,"featured_media":2848,"comment_status":"closed","ping_status":"closed","sticky":false,"template":"","format":"standard","meta":{"footnotes":""},"categories":[4],"tags":[30,28,232,233,96],"class_list":["post-4759","post","type-post","status-publish","format-standard","has-post-thumbnail","hentry","category-coluna-brasilia-df","tag-alberto-fraga","tag-bolsonaro","tag-ministerio-da-justica","tag-ministerio-da-seguranca-publica","tag-sergio-moro"],"_links":{"self":[{"href":"https:\/\/blogs.correiobraziliense.com.br\/denise\/wp-json\/wp\/v2\/posts\/4759","targetHints":{"allow":["GET"]}}],"collection":[{"href":"https:\/\/blogs.correiobraziliense.com.br\/denise\/wp-json\/wp\/v2\/posts"}],"about":[{"href":"https:\/\/blogs.correiobraziliense.com.br\/denise\/wp-json\/wp\/v2\/types\/post"}],"author":[{"embeddable":true,"href":"https:\/\/blogs.correiobraziliense.com.br\/denise\/wp-json\/wp\/v2\/users\/29"}],"replies":[{"embeddable":true,"href":"https:\/\/blogs.correiobraziliense.com.br\/denise\/wp-json\/wp\/v2\/comments?post=4759"}],"version-history":[{"count":1,"href":"https:\/\/blogs.correiobraziliense.com.br\/denise\/wp-json\/wp\/v2\/posts\/4759\/revisions"}],"predecessor-version":[{"id":4760,"href":"https:\/\/blogs.correiobraziliense.com.br\/denise\/wp-json\/wp\/v2\/posts\/4759\/revisions\/4760"}],"wp:featuredmedia":[{"embeddable":true,"href":"https:\/\/blogs.correiobraziliense.com.br\/denise\/wp-json\/wp\/v2\/media\/2848"}],"wp:attachment":[{"href":"https:\/\/blogs.correiobraziliense.com.br\/denise\/wp-json\/wp\/v2\/media?parent=4759"}],"wp:term":[{"taxonomy":"category","embeddable":true,"href":"https:\/\/blogs.correiobraziliense.com.br\/denise\/wp-json\/wp\/v2\/categories?post=4759"},{"taxonomy":"post_tag","embeddable":true,"href":"https:\/\/blogs.correiobraziliense.com.br\/denise\/wp-json\/wp\/v2\/tags?post=4759"}],"curies":[{"name":"wp","href":"https:\/\/api.w.org\/{rel}","templated":true}]}}