{"id":4756,"date":"2020-01-23T08:50:32","date_gmt":"2020-01-23T11:50:32","guid":{"rendered":"https:\/\/blogs.correiobraziliense.com.br\/denise\/?p=4756"},"modified":"2020-01-23T08:50:32","modified_gmt":"2020-01-23T11:50:32","slug":"planalto-e-quartel-general-do-pt-comemoram-resultado-de-pesquisa-eleitoral","status":"publish","type":"post","link":"https:\/\/blogs.correiobraziliense.com.br\/denise\/planalto-e-quartel-general-do-pt-comemoram-resultado-de-pesquisa-eleitoral\/","title":{"rendered":"Planalto e quartel-general do PT comemoram resultado de pesquisa eleitoral"},"content":{"rendered":"<h6><strong>Coluna Bras\u00edlia-DF<\/strong><\/h6>\n<p>A pesquisa CNT\/MDA, que colocou o presidente Jair Bolsonaro e o ex-presidente Lula em lugar de destaque no quesito inten\u00e7\u00e3o de voto, foi comemorada no Planalto e no quartel-general do PT. Nos dois casos, h\u00e1 um consenso: enquanto o eleitor da esquerda der prefer\u00eancia aos petistas e o conservador, a Bolsonaro, o segundo turno est\u00e1 garantido para os extremos. Pior para o centro, que ter\u00e1 de se organizar melhor, a fim de n\u00e3o entregar tudo de bandeja aos dois personagens que hoje dominam a cena.<\/p>\n<p>Nas hostes bolsonaristas, h\u00e1 a certeza de que hoje ningu\u00e9m tira a reelei\u00e7\u00e3o do chefe. Por\u00e9m, tr\u00eas anos \u00e9 quase uma vida. Como lembrou a coluna h\u00e1 dois dias, at\u00e9 l\u00e1, Bolsonaro vai tratar de n\u00e3o dar f\u00f4lego aos advers\u00e1rios. O mesmo far\u00e1 Lula. No caso do presidente, a ordem \u00e9 tirar ar do ministro S\u00e9rgio Moro, a quem considera seu principal advers\u00e1rio interno. No caso de Lula, \u00e9 n\u00e3o dar chance para crescimento do PDT ou do PSB. O PCdoB e o PSol, Lula nunca os tratou como \u201cgente grande\u201d, nem tratar\u00e1 agora.<\/p>\n<h2>\n<strong>Ajuda tucana<\/strong><\/h2>\n<p>O presidente da C\u00e2mara, Rodrigo Maia, est\u00e1 disposto a dar prioridade \u00e0 reforma tribut\u00e1ria, por\u00e9m, se for ouvir seus aliados, ver\u00e1 que o apoio para colocar a reforma administrativa na frente ultrapassa as fronteiras do Minist\u00e9rio da Economia. H\u00e1 no PSDB quem comece a pender no sentido de colocar as mudan\u00e7as na \u00e1rea p\u00fablica na frente da reforma dos tributos.<\/p>\n<blockquote>\n<p style=\"text-align: right\">\n<em>&#8220;Fazer a reforma tribut\u00e1ria antes da administrativa \u00e9 uma falta de vis\u00e3o do Brasil. \u00c9 trocar o ralo. A administrativa \u00e9 a mais urgente\u201d <\/em><br \/>\n<strong>Nelson Marquezan J\u00fanior (PSDB), prefeito de Porto Alegre<\/strong><\/p>\n<\/blockquote>\n<h2>\n<strong>A prova do apoio<\/strong><\/h2>\n<p>Todas as propostas do governo que n\u00e3o passarem pelo crivo dos partidos de centro est\u00e3o fadadas ao fracasso. J\u00e1 foi assim com a carteirinha de estudante, ser\u00e1 assim com o DPVAT. Quando o Congresso voltar \u00e0 ativa, os l\u00edderes v\u00e3o tratar desse tema para tentar colocar um ponto nessa celeuma de restitui\u00e7\u00e3o do seguro obrigat\u00f3rio.<\/p>\n<h2>\n<strong>E o juiz, hein?<\/strong><\/h2>\n<p>A decis\u00e3o de Luiz Fux de suspender indefinidamente o juiz das garantias colocou tudo no ponto que a turma da Lava-Jato queria, ou seja, deixa o tempo passar para ver como \u00e9 que fica.<\/p>\n<h2>\n<em><strong>CURTIDAS<\/strong><\/em><\/h2>\n<p><strong>A volta de Carluxo I\/<\/strong> O vereador Carlos Bolsonaro, do Rio de Janeiro, voltou a tuitar enlouquecidamente sobre temas nacionais. Quase nada sobre o Rio de Janeiro. Ontem, por exemplo, fez coro com uma express\u00e3o de baixo cal\u00e3o \u201cteu **\u201d e travou uma guerra contra o deputado Julian Lemos (PSL-PB). Ao ponto de o parlamentar dizer: \u201cMe esque\u00e7a, seu psicopata\u201d.<\/p>\n<p><strong>A volta de Carluxo II\/<\/strong> Em se tratando do filho de um presidente da Rep\u00fablica que sonha em um Brasil mais educado, seria interessante os rebentos darem o exemplo e tratarem de modificar o vocabul\u00e1rio. #ficaadica.<\/p>\n<p><strong>Atitude &amp; discurso\/<\/strong> Para se diferenciar de Luciano Huck em Davos, o governador de S\u00e3o Paulo, Jo\u00e3o Doria, n\u00e3o ficou apenas na fala\u00e7\u00e3o. A agenda dele esteve at\u00e9 aqui repleta de encontros e an\u00fancios de novos investimentos. Huck, que n\u00e3o tem um cargo p\u00fablico que lhe permita um desfile desse porte, disse, em suas redes sociais, que est\u00e1 na fase da vida em que deseja \u201caprender\u201d. Faz bem.<\/p>\n<p><strong>A pol\u00edtica passa pela Bahia\/<\/strong> O prefeito de Salvador, ACM Neto, que tamb\u00e9m \u00e9 presidente do DEM, inaugura hoje o Centro de Conven\u00e7\u00f5es da cidade com a presen\u00e7a de todos os pesos-pesados de seu partido. Ser\u00e1 uma festa para mostrar o prest\u00edgio dele no Democratas e no cen\u00e1rio nacional. Seja na ala mais conservadora, seja no PT, a Bahia mant\u00e9m sua import\u00e2ncia no desenho da pol\u00edtica nacional.<\/p>\n","protected":false},"excerpt":{"rendered":"<p>Coluna Bras\u00edlia-DF A pesquisa CNT\/MDA, que colocou o presidente Jair Bolsonaro e o ex-presidente Lula em lugar de destaque no quesito inten\u00e7\u00e3o de voto, foi comemorada no Planalto e no quartel-general do PT. Nos dois casos, h\u00e1 um consenso: enquanto o eleitor da esquerda der prefer\u00eancia aos petistas e o conservador, a Bolsonaro, o segundo turno est\u00e1 garantido para os [&hellip;]<\/p>\n","protected":false},"author":29,"featured_media":4757,"comment_status":"closed","ping_status":"closed","sticky":false,"template":"","format":"standard","meta":{"footnotes":""},"categories":[4],"tags":[],"class_list":["post-4756","post","type-post","status-publish","format-standard","has-post-thumbnail","hentry","category-coluna-brasilia-df"],"_links":{"self":[{"href":"https:\/\/blogs.correiobraziliense.com.br\/denise\/wp-json\/wp\/v2\/posts\/4756","targetHints":{"allow":["GET"]}}],"collection":[{"href":"https:\/\/blogs.correiobraziliense.com.br\/denise\/wp-json\/wp\/v2\/posts"}],"about":[{"href":"https:\/\/blogs.correiobraziliense.com.br\/denise\/wp-json\/wp\/v2\/types\/post"}],"author":[{"embeddable":true,"href":"https:\/\/blogs.correiobraziliense.com.br\/denise\/wp-json\/wp\/v2\/users\/29"}],"replies":[{"embeddable":true,"href":"https:\/\/blogs.correiobraziliense.com.br\/denise\/wp-json\/wp\/v2\/comments?post=4756"}],"version-history":[{"count":1,"href":"https:\/\/blogs.correiobraziliense.com.br\/denise\/wp-json\/wp\/v2\/posts\/4756\/revisions"}],"predecessor-version":[{"id":4758,"href":"https:\/\/blogs.correiobraziliense.com.br\/denise\/wp-json\/wp\/v2\/posts\/4756\/revisions\/4758"}],"wp:featuredmedia":[{"embeddable":true,"href":"https:\/\/blogs.correiobraziliense.com.br\/denise\/wp-json\/wp\/v2\/media\/4757"}],"wp:attachment":[{"href":"https:\/\/blogs.correiobraziliense.com.br\/denise\/wp-json\/wp\/v2\/media?parent=4756"}],"wp:term":[{"taxonomy":"category","embeddable":true,"href":"https:\/\/blogs.correiobraziliense.com.br\/denise\/wp-json\/wp\/v2\/categories?post=4756"},{"taxonomy":"post_tag","embeddable":true,"href":"https:\/\/blogs.correiobraziliense.com.br\/denise\/wp-json\/wp\/v2\/tags?post=4756"}],"curies":[{"name":"wp","href":"https:\/\/api.w.org\/{rel}","templated":true}]}}