{"id":4750,"date":"2020-01-22T08:35:31","date_gmt":"2020-01-22T11:35:31","guid":{"rendered":"https:\/\/blogs.correiobraziliense.com.br\/denise\/?p=4750"},"modified":"2020-01-22T08:35:31","modified_gmt":"2020-01-22T11:35:31","slug":"aproximacao-de-regina-duarte-com-fhc-pode-causar-ciumeira-na-ala-olavista","status":"publish","type":"post","link":"https:\/\/blogs.correiobraziliense.com.br\/denise\/aproximacao-de-regina-duarte-com-fhc-pode-causar-ciumeira-na-ala-olavista\/","title":{"rendered":"Aproxima\u00e7\u00e3o de Regina Duarte com FHC pode causar ciumeira na ala olavista"},"content":{"rendered":"<h6><strong>Coluna Bras\u00edlia-DF<\/strong><\/h6>\n<p>Se a atriz Regina Duarte tem algum grande amigo na pol\u00edtica, esse nome \u00e9 Fernando Henrique Cardoso. Ela, inclusive, participou da \u00faltima viagem do ent\u00e3o presidente a Nova York. Certamente, ser\u00e1 um dos conselheiros em rela\u00e7\u00e3o \u00e0 gest\u00e3o p\u00fablica.<\/p>\n<p><strong>Regina e Olavo\/<\/strong> Regina n\u00e3o tem qualquer entrosamento com o escritor Olavo de Carvalho. E essa aproxima\u00e7\u00e3o com Fernando Henrique pode terminar provocando a maior ciumeira na ala olavista, que j\u00e1 n\u00e3o recebeu muito bem a chegada da atriz.<\/p>\n<p><strong>A vida \u00e9 escolha\/<\/strong> Regina, sempre corret\u00edssima em suas atitudes, j\u00e1 disse que est\u00e1 de \u201ccorpo e alma\u201d no apoio a Bolsonaro. E, entre Olavo, que nem no Brasil mora, e a atriz, o presidente tamb\u00e9m j\u00e1 deu demonstra\u00e7\u00f5es de que prefere a \u201cnoiva\u201d.<\/p>\n","protected":false},"excerpt":{"rendered":"<p>Coluna Bras\u00edlia-DF Se a atriz Regina Duarte tem algum grande amigo na pol\u00edtica, esse nome \u00e9 Fernando Henrique Cardoso. Ela, inclusive, participou da \u00faltima viagem do ent\u00e3o presidente a Nova York. Certamente, ser\u00e1 um dos conselheiros em rela\u00e7\u00e3o \u00e0 gest\u00e3o p\u00fablica. Regina e Olavo\/ Regina n\u00e3o tem qualquer entrosamento com o escritor Olavo de Carvalho. E essa aproxima\u00e7\u00e3o com Fernando [&hellip;]<\/p>\n","protected":false},"author":29,"featured_media":4754,"comment_status":"closed","ping_status":"closed","sticky":false,"template":"","format":"standard","meta":{"footnotes":""},"categories":[4],"tags":[],"class_list":["post-4750","post","type-post","status-publish","format-standard","has-post-thumbnail","hentry","category-coluna-brasilia-df"],"_links":{"self":[{"href":"https:\/\/blogs.correiobraziliense.com.br\/denise\/wp-json\/wp\/v2\/posts\/4750","targetHints":{"allow":["GET"]}}],"collection":[{"href":"https:\/\/blogs.correiobraziliense.com.br\/denise\/wp-json\/wp\/v2\/posts"}],"about":[{"href":"https:\/\/blogs.correiobraziliense.com.br\/denise\/wp-json\/wp\/v2\/types\/post"}],"author":[{"embeddable":true,"href":"https:\/\/blogs.correiobraziliense.com.br\/denise\/wp-json\/wp\/v2\/users\/29"}],"replies":[{"embeddable":true,"href":"https:\/\/blogs.correiobraziliense.com.br\/denise\/wp-json\/wp\/v2\/comments?post=4750"}],"version-history":[{"count":1,"href":"https:\/\/blogs.correiobraziliense.com.br\/denise\/wp-json\/wp\/v2\/posts\/4750\/revisions"}],"predecessor-version":[{"id":4755,"href":"https:\/\/blogs.correiobraziliense.com.br\/denise\/wp-json\/wp\/v2\/posts\/4750\/revisions\/4755"}],"wp:featuredmedia":[{"embeddable":true,"href":"https:\/\/blogs.correiobraziliense.com.br\/denise\/wp-json\/wp\/v2\/media\/4754"}],"wp:attachment":[{"href":"https:\/\/blogs.correiobraziliense.com.br\/denise\/wp-json\/wp\/v2\/media?parent=4750"}],"wp:term":[{"taxonomy":"category","embeddable":true,"href":"https:\/\/blogs.correiobraziliense.com.br\/denise\/wp-json\/wp\/v2\/categories?post=4750"},{"taxonomy":"post_tag","embeddable":true,"href":"https:\/\/blogs.correiobraziliense.com.br\/denise\/wp-json\/wp\/v2\/tags?post=4750"}],"curies":[{"name":"wp","href":"https:\/\/api.w.org\/{rel}","templated":true}]}}