{"id":4749,"date":"2020-01-22T08:28:20","date_gmt":"2020-01-22T11:28:20","guid":{"rendered":"https:\/\/blogs.correiobraziliense.com.br\/denise\/?p=4749"},"modified":"2020-01-22T08:32:45","modified_gmt":"2020-01-22T11:32:45","slug":"moro-muda-de-opiniao-caso-marielle-para-manter-distancia-das-milicias","status":"publish","type":"post","link":"https:\/\/blogs.correiobraziliense.com.br\/denise\/moro-muda-de-opiniao-caso-marielle-para-manter-distancia-das-milicias\/","title":{"rendered":"Moro muda de opini\u00e3o no caso Marielle para manter dist\u00e2ncia das mil\u00edcias"},"content":{"rendered":"<h6><strong>Coluna Bras\u00edlia-DF<\/strong><\/h6>\n<p>A mudan\u00e7a de posi\u00e7\u00e3o do ministro da Justi\u00e7a, S\u00e9rgio Moro, em rela\u00e7\u00e3o \u00e0 apura\u00e7\u00e3o do caso Marielle Franco est\u00e1 diretamente relacionada \u00e0 vontade de o ex-juiz e de seus apoiadores tomarem uma dist\u00e2ncia regulamentar das mil\u00edcias do Rio de Janeiro. Em especial, depois que o presidente Jair Bolsonaro acusou o governador do estado, Wilson Witzel, de querer envolver a fam\u00edlia presidencial com os suspeitos. No ano passado, Moro defendeu a apura\u00e7\u00e3o, pela Pol\u00edcia Federal, do assassinato da vereadora e de seu motorista. Entretanto, h\u00e1 quem o tenha alertado de que qualquer atitude do governo federal nessa investiga\u00e7\u00e3o seria mal-interpretada. Portanto, melhor deixar como est\u00e1.<\/p>\n<h2><strong>Quem n\u00e3o se comunica&#8230;<\/strong><\/h2>\n<p>Na primeira reuni\u00e3o ministerial do ano, o presidente Jair Bolsonaro cobrou de seus ministros mais divulga\u00e7\u00e3o das a\u00e7\u00f5es de governo. Inclusive na \u00e1rea ambiental, parte do primeiro escal\u00e3o acredita que um dos erros foi o governo n\u00e3o ter difundido mais as a\u00e7\u00f5es de combate aos inc\u00eandios na Amaz\u00f4nia depois que percebeu o tamanho do problema.<\/p>\n<h2><strong>.. Se estrumbica<\/strong><\/h2>\n<p>Alguns ministros lembraram que governadores t\u00eam feito v\u00e1rias solenidades sem a presen\u00e7a de autoridades do governo federal. Citaram at\u00e9 a entrega de moradias dentro do Minha Casa Minha Vida e ambul\u00e2ncias custeadas com recursos federais como se fossem fruto unicamente do esfor\u00e7o estadual.<\/p>\n<h2><strong>Ficou pior&#8230;<\/strong><\/h2>\n<p>A fala do ministro da Economia, Paulo Guedes, no F\u00f3rum Econ\u00f4mico Mundial de Davos, culpando os pobres pelo desmatamento, deixou os investidores para l\u00e1 de desconfiados. Quem estava na plateia viu muito investidor descrente em rela\u00e7\u00e3o ao compromisso do Brasil com a sustentabilidade.<\/p>\n<h2><strong>\u2026 mas, aqui, aliviou<\/strong><\/h2>\n<p>O lan\u00e7amento do Conselho da Amaz\u00f4nia, coordenado pelo vice-presidente Hamilton Mour\u00e3o, foi visto como um gol que atenuou o discurso do ministro. Por\u00e9m o Brasil ter\u00e1 de convencer os investidores de que seu posicionamento, agora, \u00e9 diferente. Ou seja, se tudo ficar s\u00f3 no papel, n\u00e3o vai.<\/p>\n<h2><strong>Pol\u00eamica da hora<\/strong><\/h2>\n<p>A den\u00fancia contra o jornalista Glenn Greenwald vai desaguar no Supremo Tribunal Federal. O ministro do STF, Gilmar Mendes, j\u00e1 havia dito que Greenwald n\u00e3o poderia ser investigado por divulgar o material, e existe o direito constitucional ao sigilo da fonte. Por\u00e9m o Minist\u00e9rio P\u00fablico entendeu que houve envolvimento dele com um hacker, ou seja, um criminoso. Essa discuss\u00e3o ainda vai render muito at\u00e9 que se chegue a um veredicto.<\/p>\n<p>Doria e Huck\/ Tem gente torcendo para que os dois aproveitem a estada em Davos para conversar um pouco sobre 2022, um futuro que a Deus pertence. O problema \u00e9 que qualquer conversa, agora, n\u00e3o ter\u00e1 a validade de um iogurte.<\/p>\n","protected":false},"excerpt":{"rendered":"<p>Coluna Bras\u00edlia-DF A mudan\u00e7a de posi\u00e7\u00e3o do ministro da Justi\u00e7a, S\u00e9rgio Moro, em rela\u00e7\u00e3o \u00e0 apura\u00e7\u00e3o do caso Marielle Franco est\u00e1 diretamente relacionada \u00e0 vontade de o ex-juiz e de seus apoiadores tomarem uma dist\u00e2ncia regulamentar das mil\u00edcias do Rio de Janeiro. Em especial, depois que o presidente Jair Bolsonaro acusou o governador do estado, Wilson Witzel, de querer envolver [&hellip;]<\/p>\n","protected":false},"author":29,"featured_media":4751,"comment_status":"closed","ping_status":"closed","sticky":false,"template":"","format":"standard","meta":{"footnotes":""},"categories":[4],"tags":[],"class_list":["post-4749","post","type-post","status-publish","format-standard","has-post-thumbnail","hentry","category-coluna-brasilia-df"],"_links":{"self":[{"href":"https:\/\/blogs.correiobraziliense.com.br\/denise\/wp-json\/wp\/v2\/posts\/4749","targetHints":{"allow":["GET"]}}],"collection":[{"href":"https:\/\/blogs.correiobraziliense.com.br\/denise\/wp-json\/wp\/v2\/posts"}],"about":[{"href":"https:\/\/blogs.correiobraziliense.com.br\/denise\/wp-json\/wp\/v2\/types\/post"}],"author":[{"embeddable":true,"href":"https:\/\/blogs.correiobraziliense.com.br\/denise\/wp-json\/wp\/v2\/users\/29"}],"replies":[{"embeddable":true,"href":"https:\/\/blogs.correiobraziliense.com.br\/denise\/wp-json\/wp\/v2\/comments?post=4749"}],"version-history":[{"count":2,"href":"https:\/\/blogs.correiobraziliense.com.br\/denise\/wp-json\/wp\/v2\/posts\/4749\/revisions"}],"predecessor-version":[{"id":4753,"href":"https:\/\/blogs.correiobraziliense.com.br\/denise\/wp-json\/wp\/v2\/posts\/4749\/revisions\/4753"}],"wp:featuredmedia":[{"embeddable":true,"href":"https:\/\/blogs.correiobraziliense.com.br\/denise\/wp-json\/wp\/v2\/media\/4751"}],"wp:attachment":[{"href":"https:\/\/blogs.correiobraziliense.com.br\/denise\/wp-json\/wp\/v2\/media?parent=4749"}],"wp:term":[{"taxonomy":"category","embeddable":true,"href":"https:\/\/blogs.correiobraziliense.com.br\/denise\/wp-json\/wp\/v2\/categories?post=4749"},{"taxonomy":"post_tag","embeddable":true,"href":"https:\/\/blogs.correiobraziliense.com.br\/denise\/wp-json\/wp\/v2\/tags?post=4749"}],"curies":[{"name":"wp","href":"https:\/\/api.w.org\/{rel}","templated":true}]}}