{"id":4742,"date":"2020-01-21T08:40:46","date_gmt":"2020-01-21T11:40:46","guid":{"rendered":"https:\/\/blogs.correiobraziliense.com.br\/denise\/?p=4742"},"modified":"2020-01-21T08:45:46","modified_gmt":"2020-01-21T11:45:46","slug":"bolsonaro-quer-dar-carta-branca-regina-duarte","status":"publish","type":"post","link":"https:\/\/blogs.correiobraziliense.com.br\/denise\/bolsonaro-quer-dar-carta-branca-regina-duarte\/","title":{"rendered":"Bolsonaro quer dar carta branca a Regina Duarte"},"content":{"rendered":"<h6><strong>Coluna Bras\u00edlia-DF<\/strong><\/h6>\n<p>Para aproximar o governo dos artistas conservadores, Bolsonaro est\u00e1 decidido a dar carta branca \u00e0 quase secret\u00e1ria de Cultura, Regina Duarte. Especialmente, para nomear os demais cargos da secretaria. At\u00e9 aqui, ele fez isso com seus ministros. Ou quase todos.<\/p>\n<h2><strong>Falta combinar<\/strong><\/h2>\n<p>Essa \u201ccarta branca\u201d, \u00e0s vezes, \u201camarela\u201d. Ocorreu, por exemplo, com o ministro da Justi\u00e7a, S\u00e9rgio Moro. Ele teve de revogar a nomea\u00e7\u00e3o de Ilona Szab\u00f3 para o Conselho Nacional de Pol\u00edtica Criminal. Uma dessas, dizem alguns artistas, Regina Duarte n\u00e3o vai tolerar.<\/p>\n<p><strong>Regina e os cegos\/<\/strong> A quase futura secret\u00e1ria de Cultura, Regina Duarte, \u00e9 velha conhecida do Festival de Cinema de Bras\u00edlia. Ela foi a primeira atriz de primeira grandeza a apoiar o projeto Cinema para Cegos, desenvolvido pelo ex-secret\u00e1rio Silvestre Gorgulho. Quando o governador Agnelo Queiroz (PT) assumiu, relembra Silvestre, o projeto acabou.<\/p>\n","protected":false},"excerpt":{"rendered":"<p>Coluna Bras\u00edlia-DF Para aproximar o governo dos artistas conservadores, Bolsonaro est\u00e1 decidido a dar carta branca \u00e0 quase secret\u00e1ria de Cultura, Regina Duarte. Especialmente, para nomear os demais cargos da secretaria. At\u00e9 aqui, ele fez isso com seus ministros. Ou quase todos. Falta combinar Essa \u201ccarta branca\u201d, \u00e0s vezes, \u201camarela\u201d. Ocorreu, por exemplo, com o ministro da Justi\u00e7a, S\u00e9rgio Moro. [&hellip;]<\/p>\n","protected":false},"author":29,"featured_media":4745,"comment_status":"closed","ping_status":"closed","sticky":false,"template":"","format":"standard","meta":{"footnotes":""},"categories":[4],"tags":[],"class_list":["post-4742","post","type-post","status-publish","format-standard","has-post-thumbnail","hentry","category-coluna-brasilia-df"],"_links":{"self":[{"href":"https:\/\/blogs.correiobraziliense.com.br\/denise\/wp-json\/wp\/v2\/posts\/4742","targetHints":{"allow":["GET"]}}],"collection":[{"href":"https:\/\/blogs.correiobraziliense.com.br\/denise\/wp-json\/wp\/v2\/posts"}],"about":[{"href":"https:\/\/blogs.correiobraziliense.com.br\/denise\/wp-json\/wp\/v2\/types\/post"}],"author":[{"embeddable":true,"href":"https:\/\/blogs.correiobraziliense.com.br\/denise\/wp-json\/wp\/v2\/users\/29"}],"replies":[{"embeddable":true,"href":"https:\/\/blogs.correiobraziliense.com.br\/denise\/wp-json\/wp\/v2\/comments?post=4742"}],"version-history":[{"count":2,"href":"https:\/\/blogs.correiobraziliense.com.br\/denise\/wp-json\/wp\/v2\/posts\/4742\/revisions"}],"predecessor-version":[{"id":4748,"href":"https:\/\/blogs.correiobraziliense.com.br\/denise\/wp-json\/wp\/v2\/posts\/4742\/revisions\/4748"}],"wp:featuredmedia":[{"embeddable":true,"href":"https:\/\/blogs.correiobraziliense.com.br\/denise\/wp-json\/wp\/v2\/media\/4745"}],"wp:attachment":[{"href":"https:\/\/blogs.correiobraziliense.com.br\/denise\/wp-json\/wp\/v2\/media?parent=4742"}],"wp:term":[{"taxonomy":"category","embeddable":true,"href":"https:\/\/blogs.correiobraziliense.com.br\/denise\/wp-json\/wp\/v2\/categories?post=4742"},{"taxonomy":"post_tag","embeddable":true,"href":"https:\/\/blogs.correiobraziliense.com.br\/denise\/wp-json\/wp\/v2\/tags?post=4742"}],"curies":[{"name":"wp","href":"https:\/\/api.w.org\/{rel}","templated":true}]}}