{"id":4741,"date":"2020-01-21T08:35:44","date_gmt":"2020-01-21T11:35:44","guid":{"rendered":"https:\/\/blogs.correiobraziliense.com.br\/denise\/?p=4741"},"modified":"2020-01-21T08:35:44","modified_gmt":"2020-01-21T11:35:44","slug":"sem-partido-bolsonaro-ja-definiu-quem-apoiara-nas-eleicoes-municipais","status":"publish","type":"post","link":"https:\/\/blogs.correiobraziliense.com.br\/denise\/sem-partido-bolsonaro-ja-definiu-quem-apoiara-nas-eleicoes-municipais\/","title":{"rendered":"Sem partido, Bolsonaro j\u00e1 definiu quem apoiar\u00e1 nas elei\u00e7\u00f5es municipais"},"content":{"rendered":"<h6><strong>Coluna Bras\u00edlia-DF<\/strong><\/h6>\n<p>Ainda sem um partido para chamar de seu nas elei\u00e7\u00f5es deste ano, o presidente Jair Bolsonaro vai apostar naqueles candidatos que n\u00e3o forem entraves a seus projetos presidenciais atuais e futuros. Da\u00ed, a defer\u00eancia ao prefeito do Rio de Janeiro, Marcelo Crivella, anfitri\u00e3o do encontro do presidente com os pastores. Em S\u00e3o Paulo, at\u00e9 aqui, Bolsonaro aguarda os movimentos do apresentador Jos\u00e9 Luiz Datena, que ainda est\u00e1 sem partido e hoje se apresenta como pr\u00e9-candidato.<\/p>\n<p>Quem for conservador e n\u00e3o estiver com os governadores Wilson Witzel, no Rio, nem com Jo\u00e3o Doria, em S\u00e3o Paulo, tem meio caminho andado para conseguir o apoio de Bolsonaro. Esses s\u00e3o os dois nomes que o presidente v\u00ea como principais advers\u00e1rios hoje.<\/p>\n<h2><strong>Davos, com \u201cD\u201d de Doria<\/strong><\/h2>\n<p>O governador de S\u00e3o Paulo, Jo\u00e3o Doria, \u00e9 o brasileiro que mais deve faturar politicamente no F\u00f3rum Econ\u00f4mico Mundial, da abertura ao encerramento. Antes mesmo da festa de abertura, ele j\u00e1 estava reunido com representantes de empresa de reciclagem, embalado com a ideia de economia sustent\u00e1vel difundida nesta 50\u00aa edi\u00e7\u00e3o do evento.<\/p>\n<h2><strong>O lado bom<\/strong><\/h2>\n<p>At\u00e9 aqui, as men\u00e7\u00f5es ao Brasil nas reuni\u00f5es de Davos n\u00e3o deixaram a desejar e tudo por causa da reforma da Previd\u00eancia. O ministro da Economia, Paulo Guedes, ainda pretende aproveitar a eleva\u00e7\u00e3o da expectativa de crescimento brasileiro este ano, por parte do Fundo Monet\u00e1rio Internacional, para fazer propaganda do pa\u00eds.<\/p>\n<h2><strong>Reprise<\/strong><\/h2>\n<p>Antes da abertura da Assembleia-Geral das Na\u00e7\u00f5es Unidas, no ano passado, houve uma reuni\u00e3o sobre mudan\u00e7as clim\u00e1ticas e outra espec\u00edfica sobre a Amaz\u00f4nia, sem a participa\u00e7\u00e3o do governo brasileiro. Agora, em Davos, essa reuni\u00e3o ficou para o fim. E, mais uma vez, sem a voz das autoridades brasileiras.<\/p>\n<p><strong>Deu ruim I\/<\/strong> O descaso com o abastecimento de \u00e1gua no Rio de Janeiro deixou o governador Wilson Witzel em baixa perante o eleitorado. E a hist\u00f3ria de sabotagem sem provas cabais ficou pior. No caso das cervejas, em Minas, havia suspeitos. At\u00e9 aqui, Witzel n\u00e3o apresentou nada e exp\u00f4s o descaso neste primeiro ano de governo.<\/p>\n<p><strong>Deu ruim II\/<\/strong> Para quem chegou todo cheio de si e prometendo fazer do Enem 2019 o melhor da hist\u00f3ria, o ministro da Educa\u00e7\u00e3o, Abraham Weintraub, deixa a desejar com a identifica\u00e7\u00e3o do erro que afetou 5.974 estudantes. Pelo menos, trabalhou r\u00e1pido para corrigir. Agora, para o melhor da hist\u00f3ria, esperemos, quem sabe, o Enem 2020.<\/p>\n<p><strong>Enquanto isso, na Bahia&#8230;\/<\/strong> N\u00e3o est\u00e1 muito \u201cfestiva\u201d a rela\u00e7\u00e3o entre o governador baiano, Rui Costa, e o senador Jaques Wagner, seu padrinho pol\u00edtico. Mais um entre tantos casos em que a criatura pretende ultrapassar o criador. J\u00e1 dizia Al Pacino, em sua performance no filme o Advogado do Diabo: \u201cVaidade, meu pecado predileto\u201d.<\/p>\n","protected":false},"excerpt":{"rendered":"<p>Coluna Bras\u00edlia-DF Ainda sem um partido para chamar de seu nas elei\u00e7\u00f5es deste ano, o presidente Jair Bolsonaro vai apostar naqueles candidatos que n\u00e3o forem entraves a seus projetos presidenciais atuais e futuros. Da\u00ed, a defer\u00eancia ao prefeito do Rio de Janeiro, Marcelo Crivella, anfitri\u00e3o do encontro do presidente com os pastores. Em S\u00e3o Paulo, at\u00e9 aqui, Bolsonaro aguarda os [&hellip;]<\/p>\n","protected":false},"author":29,"featured_media":4743,"comment_status":"closed","ping_status":"closed","sticky":false,"template":"","format":"standard","meta":{"footnotes":""},"categories":[4],"tags":[28,231],"class_list":["post-4741","post","type-post","status-publish","format-standard","has-post-thumbnail","hentry","category-coluna-brasilia-df","tag-bolsonaro","tag-eleicoes-municipais"],"_links":{"self":[{"href":"https:\/\/blogs.correiobraziliense.com.br\/denise\/wp-json\/wp\/v2\/posts\/4741","targetHints":{"allow":["GET"]}}],"collection":[{"href":"https:\/\/blogs.correiobraziliense.com.br\/denise\/wp-json\/wp\/v2\/posts"}],"about":[{"href":"https:\/\/blogs.correiobraziliense.com.br\/denise\/wp-json\/wp\/v2\/types\/post"}],"author":[{"embeddable":true,"href":"https:\/\/blogs.correiobraziliense.com.br\/denise\/wp-json\/wp\/v2\/users\/29"}],"replies":[{"embeddable":true,"href":"https:\/\/blogs.correiobraziliense.com.br\/denise\/wp-json\/wp\/v2\/comments?post=4741"}],"version-history":[{"count":1,"href":"https:\/\/blogs.correiobraziliense.com.br\/denise\/wp-json\/wp\/v2\/posts\/4741\/revisions"}],"predecessor-version":[{"id":4744,"href":"https:\/\/blogs.correiobraziliense.com.br\/denise\/wp-json\/wp\/v2\/posts\/4741\/revisions\/4744"}],"wp:featuredmedia":[{"embeddable":true,"href":"https:\/\/blogs.correiobraziliense.com.br\/denise\/wp-json\/wp\/v2\/media\/4743"}],"wp:attachment":[{"href":"https:\/\/blogs.correiobraziliense.com.br\/denise\/wp-json\/wp\/v2\/media?parent=4741"}],"wp:term":[{"taxonomy":"category","embeddable":true,"href":"https:\/\/blogs.correiobraziliense.com.br\/denise\/wp-json\/wp\/v2\/categories?post=4741"},{"taxonomy":"post_tag","embeddable":true,"href":"https:\/\/blogs.correiobraziliense.com.br\/denise\/wp-json\/wp\/v2\/tags?post=4741"}],"curies":[{"name":"wp","href":"https:\/\/api.w.org\/{rel}","templated":true}]}}