{"id":4708,"date":"2020-01-16T08:20:58","date_gmt":"2020-01-16T11:20:58","guid":{"rendered":"https:\/\/blogs.correiobraziliense.com.br\/denise\/?p=4708"},"modified":"2020-01-16T13:31:58","modified_gmt":"2020-01-16T16:31:58","slug":"em-ano-eleitoral-governo-tem-desafio-de-cortar-incentivos-e-acertar-as-contas","status":"publish","type":"post","link":"https:\/\/blogs.correiobraziliense.com.br\/denise\/em-ano-eleitoral-governo-tem-desafio-de-cortar-incentivos-e-acertar-as-contas\/","title":{"rendered":"Em ano eleitoral, governo tem desafio de cortar incentivos e acertar as contas"},"content":{"rendered":"<h6><strong>Coluna Bras\u00edlia-DF<\/strong><\/h6>\n<p>A Institui\u00e7\u00e3o Fiscal Independente (IFI) alerta para a necessidade de o governo prestar mais aten\u00e7\u00e3o nas suas contas. \u201cOs resultados positivos obtidos no ajuste fiscal n\u00e3o derivam de medidas estruturais\u201d, diz o texto. Os t\u00e9cnicos consideram que a folga se deu por arrecada\u00e7\u00e3o extraordin\u00e1ria e n\u00e3o por um ajuste na despesa. E, embora estejamos no in\u00edcio do ano, a an\u00e1lise d\u00e1 a entender que 2020 n\u00e3o ser\u00e1 muito diferente nesse quesito, apesar da reforma previdenci\u00e1ria. A Ifi menciona, inclusive, a alta ren\u00fancia fiscal por parte do poder p\u00fablico, algo que o governo ainda n\u00e3o conseguiu resolver.<\/p>\n<p>Para completar, ainda n\u00e3o est\u00e1 claro como se dar\u00e1 o Or\u00e7amento impositivo determinado pelo Congresso. Os t\u00e9cnicos de Or\u00e7amento do Congresso t\u00eam dito que a temporada dos decretos de contingenciamento de recursos terminou. Por\u00e9m, se n\u00e3o houver recursos para cumprimento da programa\u00e7\u00e3o definida pelo Congresso, \u00e9 por a\u00ed que o governo ter\u00e1 que ir, ou seja, cortar a despesa. Essa ser\u00e1, na avalia\u00e7\u00e3o dos t\u00e9cnicos, um dos maiores desafios para este ano. Maior at\u00e9 que a elei\u00e7\u00e3o municipal.<\/p>\n<h2><strong>Miss\u00e3o imposs\u00edvel<\/strong><\/h2>\n<p>Num ano eleitoral, vai ser dif\u00edcil o governo conseguir reduzir os incentivos fiscais. \u00c9 que, a cada projeto que o Minist\u00e9rio da Economia apresentar para reduzir incentivos, os congressistas v\u00e3o encontrar mais alguns que \u201cprecisam\u201d de um desconto nos impostos<\/p>\n<h2><strong>Press\u00e3o total<\/strong><\/h2>\n<p>A decis\u00e3o do presidente do Supremo Tribunal Federal, Dias Toffoli, de adiar a implanta\u00e7\u00e3o do juiz de garantias por seis meses, permitir\u00e1 que todos se adaptem a esse modelo ou derrubem a norma antes de sua implementa\u00e7\u00e3o. O debate at\u00e9 l\u00e1 n\u00e3o vai arrefecer. A sorte est\u00e1 lan\u00e7ada.<\/p>\n<h2><em><strong>CURTIDAS<\/strong><\/em><\/h2>\n<p><strong>A largada de Huck\/<\/strong> O artigo do empres\u00e1rio e apresentador Luciano Huck publicado no site do F\u00f3rum Econ\u00f4mico Mundial de Davos \u00e9 lido em Bras\u00edlia como a sua inclus\u00e3o no debate pol\u00edtico nacional. Ele defende que o pa\u00eds coloque \u201ca redu\u00e7\u00e3o da desigualdade social no topo da sua agenda em 2020\u201d e ainda critica o governo por causa do desmatamento.<\/p>\n<p><strong>Por falar em desmatamento\u2026\/<\/strong> A aus\u00eancia do presidente Jair Bolsonaro no Forum Econ\u00f4mico Mundial deixou o Brasil praticamente sem uma voz forte que o defenda em v\u00e1rios quesitos. Ontem, por exemplo, al\u00e9m do artigo de Huck, saiu o relat\u00f3rio do Forum sobre os riscos globais para 2020, que cita a necessidade de conter o desmatamento.<\/p>\n<p><strong>Simon, 90 anos\/<\/strong> O MDB do Rio Grande do Sul prepara uma megafesta 1\u00ba de fevereiro, para marcar o anivers\u00e1rio do eterno senador Pedro Simon, 31 de janeiro. No site do MDB ga\u00facho, \u00e9 poss\u00edvel encontrar um resumo da trajet\u00f3ria de uma das figuras mais respeitadas da pol\u00edtica nacional.<\/p>\n<p><strong>Bem na fita\/<\/strong> O futuro embaixador do Brasil nos Estados Unidos, Nestor Forster, tem sido elogiado nas mais variadas rodas. E os coment\u00e1rios v\u00eam sempre acompanhados de um \u201capesar de ter sido indicado por Olavo de Carvalho\u201d. Como se v\u00ea, o tal guru do bolsonarismo n\u00e3o tem o trof\u00e9u de mister simpatia nem mesmo entre os aliados do chanceler Ernesto Ara\u00fajo.<\/p>\n","protected":false},"excerpt":{"rendered":"<p>Coluna Bras\u00edlia-DF A Institui\u00e7\u00e3o Fiscal Independente (IFI) alerta para a necessidade de o governo prestar mais aten\u00e7\u00e3o nas suas contas. \u201cOs resultados positivos obtidos no ajuste fiscal n\u00e3o derivam de medidas estruturais\u201d, diz o texto. Os t\u00e9cnicos consideram que a folga se deu por arrecada\u00e7\u00e3o extraordin\u00e1ria e n\u00e3o por um ajuste na despesa. E, embora estejamos no in\u00edcio do ano, [&hellip;]<\/p>\n","protected":false},"author":29,"featured_media":4710,"comment_status":"closed","ping_status":"closed","sticky":false,"template":"","format":"standard","meta":{"footnotes":""},"categories":[4],"tags":[],"class_list":["post-4708","post","type-post","status-publish","format-standard","has-post-thumbnail","hentry","category-coluna-brasilia-df"],"_links":{"self":[{"href":"https:\/\/blogs.correiobraziliense.com.br\/denise\/wp-json\/wp\/v2\/posts\/4708","targetHints":{"allow":["GET"]}}],"collection":[{"href":"https:\/\/blogs.correiobraziliense.com.br\/denise\/wp-json\/wp\/v2\/posts"}],"about":[{"href":"https:\/\/blogs.correiobraziliense.com.br\/denise\/wp-json\/wp\/v2\/types\/post"}],"author":[{"embeddable":true,"href":"https:\/\/blogs.correiobraziliense.com.br\/denise\/wp-json\/wp\/v2\/users\/29"}],"replies":[{"embeddable":true,"href":"https:\/\/blogs.correiobraziliense.com.br\/denise\/wp-json\/wp\/v2\/comments?post=4708"}],"version-history":[{"count":5,"href":"https:\/\/blogs.correiobraziliense.com.br\/denise\/wp-json\/wp\/v2\/posts\/4708\/revisions"}],"predecessor-version":[{"id":4720,"href":"https:\/\/blogs.correiobraziliense.com.br\/denise\/wp-json\/wp\/v2\/posts\/4708\/revisions\/4720"}],"wp:featuredmedia":[{"embeddable":true,"href":"https:\/\/blogs.correiobraziliense.com.br\/denise\/wp-json\/wp\/v2\/media\/4710"}],"wp:attachment":[{"href":"https:\/\/blogs.correiobraziliense.com.br\/denise\/wp-json\/wp\/v2\/media?parent=4708"}],"wp:term":[{"taxonomy":"category","embeddable":true,"href":"https:\/\/blogs.correiobraziliense.com.br\/denise\/wp-json\/wp\/v2\/categories?post=4708"},{"taxonomy":"post_tag","embeddable":true,"href":"https:\/\/blogs.correiobraziliense.com.br\/denise\/wp-json\/wp\/v2\/tags?post=4708"}],"curies":[{"name":"wp","href":"https:\/\/api.w.org\/{rel}","templated":true}]}}