{"id":4699,"date":"2020-01-14T08:10:48","date_gmt":"2020-01-14T11:10:48","guid":{"rendered":"https:\/\/blogs.correiobraziliense.com.br\/denise\/?p=4699"},"modified":"2020-01-14T08:10:49","modified_gmt":"2020-01-14T11:10:49","slug":"para-desvincular-de-dilma-governo-vai-mudar-nome-do-minha-casa-minha-vida","status":"publish","type":"post","link":"https:\/\/blogs.correiobraziliense.com.br\/denise\/para-desvincular-de-dilma-governo-vai-mudar-nome-do-minha-casa-minha-vida\/","title":{"rendered":"Para desvincular de Dilma, governo vai mudar nome do Minha Casa, Minha Vida"},"content":{"rendered":"<h6><strong>Coluna Bras\u00edlia-DF<\/strong><\/h6>\n<p>Depois das mudan\u00e7as no Bolsa Fam\u00edlia, outro programa do governo que sofrer\u00e1 altera\u00e7\u00f5es \u00e9 o Minha Casa, Minha Vida. Inclusive no nome. A ordem \u00e9 extirpar do poder p\u00fablico os dois emblemas das administra\u00e7\u00f5es petistas. Em todas as pesquisas internas, esses programas s\u00e3o apontados como obras do PT. O Minha Casa, Minha Vida chegou, inclusive, a ser chamado de \u201cMinha Casa, minha Dilma\u201d, no tempo da campanha do ex-presidente.<\/p>\n<p>Esse tema da reformula\u00e7\u00e3o dos dois programas ser\u00e1 tratado hoje no conselho de ministros. Na avalia\u00e7\u00e3o do governo, a troca dos nomes ajudar\u00e1 os aliados do presidente Bolsonaro na disputa pelas prefeituras. Embora o PT n\u00e3o esteja mais no poder, ambos funcionam como um outdoor petista, pelo menos na vis\u00e3o de alguns governistas.<\/p>\n<h2>\n<strong>Na corda bamba<\/strong><\/h2>\n<p>O cancelamento da visita do presidente Jair Bolsonaro \u00e0 Companhia Docas do Estado de S\u00e3o Paulo (Codesp) deixou muita gente com a certeza de que um bocado de coisas vai mudar por ali num futuro pr\u00f3ximo.<\/p>\n<h2>\n<strong>Governo engessado<\/strong><\/h2>\n<p>Os ministros do governo n\u00e3o t\u00eam muito o que comemorar em rela\u00e7\u00e3o ao Or\u00e7amento \u2014 o primeiro elaborado pela equipe do presidente Jair Bolsonaro. \u00c9 que o Congresso atrelou praticamente toda a parte de investimento \u00e0 execu\u00e7\u00e3o das emendas. Logo, n\u00e3o sobrar\u00e1 muito para as prioridades governamentais.<\/p>\n<h2>\n<strong>S\u00f3 na conversa<\/strong><\/h2>\n<p>A maneira de tentar garantir a destina\u00e7\u00e3o de recursos \u00e0s prioridades governamentais \u00e9 abrir o di\u00e1logo com os congressistas no sentido de convenc\u00ea-los a canalizar parte das emendas aos projetos do Executivo. At\u00e9 aqui, esse di\u00e1logo tem deixado a desejar.<\/p>\n<h2>\n<strong>Eles t\u00eam a for\u00e7a<\/strong><\/h2>\n<p>Dois ministros costumam conseguir do parlamento tudo o que querem: Tereza Cristina, da Agricultura, e Luiz Henrique Mandetta, da Sa\u00fade. Como ambos j\u00e1 foram deputados, conhecem as manhas do Congresso. O ministro da Infraestrutura, Tarc\u00edsio de Freitas, que j\u00e1 foi consultor, tamb\u00e9m est\u00e1 nesse grupo.<\/p>\n<p><strong>Ele \u00e9 assim e ponto\/<\/strong> De nada adianta os pol\u00edticos fazerem \u201ccara feia\u201d para o fato de o presidente Jair Bolsonaro sancionar o Fundo Eleitoral, mas criticar quem recorrer a esse dinheiro para campanha. A resposta dos mais chegados ao presidente \u00e9 a de que ele n\u00e3o vai mudar para agradar A, B ou C. Ainda que seja parlamentar.<\/p>\n<p><strong>Eles s\u00e3o assim e ponto\/<\/strong> Da mesma forma que o presidente n\u00e3o pretende mudar nesse quesito, os parlamentares seguir\u00e3o a velha t\u00e1tica: fingir que est\u00e1 tudo bem e, na primeira oportunidade, dar o troco a Bolsonaro.<\/p>\n<p><strong>Quem desdenha&#8230;\/<\/strong> Em conversas reservadas, os petistas t\u00eam dito que, se o governador do Maranh\u00e3o, Fl\u00e1vio Dino, do PCdoB, n\u00e3o fosse de um partido pequeno e de um estado que n\u00e3o tem densidade eleitoral, seria o candidato do PT a presidente da Rep\u00fablica. Em outras palavras, ao colocar dificuldades, petistas indicam que n\u00e3o querem apoi\u00e1-lo. Dino s\u00f3 sai candidato pelo PT se Lula for\u00e7ar a porta do pr\u00f3prio partido.<\/p>\n<p><strong>No embalo do Oscar\/<\/strong> Os partidos de esquerda querem aproveitar indica\u00e7\u00e3o do filme Democracia em Vertigem \u00e0 estatueta de melhor document\u00e1rio para tentar mostrar ao mundo que a democracia brasileira corre s\u00e9rio risco no governo Bolsonaro.<\/p>\n","protected":false},"excerpt":{"rendered":"<p>Coluna Bras\u00edlia-DF Depois das mudan\u00e7as no Bolsa Fam\u00edlia, outro programa do governo que sofrer\u00e1 altera\u00e7\u00f5es \u00e9 o Minha Casa, Minha Vida. Inclusive no nome. A ordem \u00e9 extirpar do poder p\u00fablico os dois emblemas das administra\u00e7\u00f5es petistas. Em todas as pesquisas internas, esses programas s\u00e3o apontados como obras do PT. O Minha Casa, Minha Vida chegou, inclusive, a ser chamado [&hellip;]<\/p>\n","protected":false},"author":29,"featured_media":4522,"comment_status":"closed","ping_status":"closed","sticky":false,"template":"","format":"standard","meta":{"footnotes":""},"categories":[4],"tags":[],"class_list":["post-4699","post","type-post","status-publish","format-standard","has-post-thumbnail","hentry","category-coluna-brasilia-df"],"_links":{"self":[{"href":"https:\/\/blogs.correiobraziliense.com.br\/denise\/wp-json\/wp\/v2\/posts\/4699","targetHints":{"allow":["GET"]}}],"collection":[{"href":"https:\/\/blogs.correiobraziliense.com.br\/denise\/wp-json\/wp\/v2\/posts"}],"about":[{"href":"https:\/\/blogs.correiobraziliense.com.br\/denise\/wp-json\/wp\/v2\/types\/post"}],"author":[{"embeddable":true,"href":"https:\/\/blogs.correiobraziliense.com.br\/denise\/wp-json\/wp\/v2\/users\/29"}],"replies":[{"embeddable":true,"href":"https:\/\/blogs.correiobraziliense.com.br\/denise\/wp-json\/wp\/v2\/comments?post=4699"}],"version-history":[{"count":1,"href":"https:\/\/blogs.correiobraziliense.com.br\/denise\/wp-json\/wp\/v2\/posts\/4699\/revisions"}],"predecessor-version":[{"id":4700,"href":"https:\/\/blogs.correiobraziliense.com.br\/denise\/wp-json\/wp\/v2\/posts\/4699\/revisions\/4700"}],"wp:featuredmedia":[{"embeddable":true,"href":"https:\/\/blogs.correiobraziliense.com.br\/denise\/wp-json\/wp\/v2\/media\/4522"}],"wp:attachment":[{"href":"https:\/\/blogs.correiobraziliense.com.br\/denise\/wp-json\/wp\/v2\/media?parent=4699"}],"wp:term":[{"taxonomy":"category","embeddable":true,"href":"https:\/\/blogs.correiobraziliense.com.br\/denise\/wp-json\/wp\/v2\/categories?post=4699"},{"taxonomy":"post_tag","embeddable":true,"href":"https:\/\/blogs.correiobraziliense.com.br\/denise\/wp-json\/wp\/v2\/tags?post=4699"}],"curies":[{"name":"wp","href":"https:\/\/api.w.org\/{rel}","templated":true}]}}