{"id":4694,"date":"2020-01-13T08:24:02","date_gmt":"2020-01-13T11:24:02","guid":{"rendered":"https:\/\/blogs.correiobraziliense.com.br\/denise\/?p=4694"},"modified":"2020-01-13T08:24:41","modified_gmt":"2020-01-13T11:24:41","slug":"fakes-news-e-flavio-sao-as-apostas-eleitorais-do-pt-contra-bolsonaro","status":"publish","type":"post","link":"https:\/\/blogs.correiobraziliense.com.br\/denise\/fakes-news-e-flavio-sao-as-apostas-eleitorais-do-pt-contra-bolsonaro\/","title":{"rendered":"Fakes news e Fl\u00e1vio s\u00e3o as apostas eleitorais do PT contra Bolsonaro"},"content":{"rendered":"<h6><strong>Coluna Bras\u00edlia-DF<\/strong><\/h6>\n<p>Empenhados em deixar o presidente Jair Bolsonaro contra a parede neste ano eleitoral, os petistas v\u00e3o mirar toda a sua artilharia para dois pontos que consideram hoje os de maior fragilidade do capit\u00e3o: a CPI das Fake News e o esc\u00e2ndalo das rachadinhas que tem o senador Fl\u00e1vio Bolsonaro como personagem.<\/p>\n<p>\u00bb \u00bb \u00bb<\/p>\n<p>No caso da CPI das Fakes, os petistas acreditam que t\u00eam a faca e o queijo na m\u00e3o, uma vez que o presidente da comiss\u00e3o, senador \u00c2ngelo Coronel (PSD-BA), e a relatora, deputada L\u00eddice da Mata (PSB-BA), t\u00eam uma boa rela\u00e7\u00e3o pol\u00edtica com o ex-presidente Lula. Coronel, embora seja do PSD, \u00e9 aliado ao governador da Bahia, Rui Costa (PT).<\/p>\n<h2><strong>O que eles pensam<\/strong><\/h2>\n<p>A aposta da maioria dos pol\u00edticos \u00e9 a de que, a pre\u00e7os de hoje, Bolsonaro s\u00f3 perde a reelei\u00e7\u00e3o se a popula\u00e7\u00e3o n\u00e3o sentir efeitos de recupera\u00e7\u00e3o da economia. At\u00e9 aqui, por mais que se diga que a economia est\u00e1 bem, o aumento nos pre\u00e7os dos alimentos registrado ao longo de 2019 e o das passagens de \u00f4nibus na largada de 2020 n\u00e3o v\u00e3o ajudar a melhorar a percep\u00e7\u00e3o.<\/p>\n<h2><strong>O que a realidade mostra<\/strong><\/h2>\n<p>O passeio de Bolsonaro em Praia Grande (SP) deixou aos pol\u00edticos uma certeza: o atual presidente est\u00e1 em plena campanha desde j\u00e1. Sempre que pode, est\u00e1 no meio da popula\u00e7\u00e3o. At\u00e9 quando est\u00e1 curtindo o fim de semana, ele d\u00e1 um jeito de testar a popularidade. Em conversas reservadas, at\u00e9 os petistas reconhecem que nem Lula fez melhor.<\/p>\n<h2><strong>Advers\u00e1rio n\u00famero um<\/strong><\/h2>\n<p>At\u00e9 aqui, Bolsonaro considera que tem como principal advers\u00e1rio o governador de S\u00e3o Paulo, Jo\u00e3o D\u00f3ria, a quem marca de perto. Da\u00ed, inclusive, a escolha do Guaruj\u00e1 para o descanso desse fim de semana e algumas visitas. Hoje o presidente pretende visitar a sede da Codesp (Companhia Docas do Estado de S\u00e3o Paulo), em Santos, mas n\u00e3o sabe at\u00e9 agora se estar\u00e1 em terreno firme ou pantanoso.<\/p>\n<h2><strong>Vai<\/strong> ter<strong> que escolher<\/strong><\/h2>\n<p>O atual presidente da Codesp, Casemiro T\u00e9rcio de Souza, \u00e9 um tucano hist\u00f3rico. Recentemente, bateu no peito e se afirmou como liderado pelo ex-governador Geraldo Alckmin, que desapareceu do cen\u00e1rio pol\u00edtico. E muito embora a empresa portu\u00e1ria seja federal, n\u00e3o se sabe at\u00e9 quanto Casemiro migrou para as asas protetoras de Doria. \u00c9 o que Bolsonaro pretende descobrir.<\/p>\n<h1><strong>A vez delas?<\/strong><\/h1>\n<p>Que Davi Alcolumbre, que nada. V\u00e3o entrar na disputa para a Presid\u00eancia do Senado a senadora Simone Tebet, pelo MDB, e h\u00e1 ainda alguns interessados em convencer a senadora K\u00e1tia Abreu a entrar no p\u00e1reo.<\/p>\n<h2><strong><em>Curtidas<\/em><\/strong><\/h2>\n<p><strong>Campanha antecipada\/<\/strong> Por todo o pa\u00eds, pol\u00edticos aparecem em outdoors desejando boas festas a seus conterr\u00e2neos. Em Alagoas, por exemplo, no caminho de Barra de S\u00e3o Miguel, a mais badalada do litoral Sul, havia um, do deputado JHC,<br \/>\npr\u00e9-candidato a prefeito de Macei\u00f3.<\/p>\n<p><strong>Qualquer um, menos ela\/<\/strong> O presidente Jair Bolsonaro ainda n\u00e3o sabe quem apoiar\u00e1 para prefeito de S\u00e3o Paulo. Sabe apenas contra quem ficar\u00e1: Joice Hasselmann. Virou inimiga mesmo.<\/p>\n<p><strong>Neto na vitrine I\/<\/strong> O prefeito de Salvador, ACM Neto (DEM), abre 2020 agitando a pol\u00edtica. Al\u00e9m da tradicional lavagem do Bonfim, que serve de term\u00f4metro para a popularidade dos pol\u00edticos, ele inaugura o novo Centro de Conven\u00e7\u00f5es este m\u00eas, com a presen\u00e7a de toda a c\u00fapula do partido.<\/p>\n<p><strong>Neto na vitrine II\/<\/strong> De quebra, o prefeito vai alertar que seus antecessores e tamb\u00e9m os gestores estaduais nada fizeram desde 2012, quando o centro de conven\u00e7\u00f5es da cidade foi fechado. Salvador perdeu uma s\u00e9rie de semin\u00e1rios e feiras internacionais pela falta de um centro com capacidade para abrigar eventos de grande porte. H\u00e1 quem diga que essa inaugura\u00e7\u00e3o \u00e9 quase um esquenta da pr\u00e9-campanha de ACM Neto ao governo estadual.<\/p>\n","protected":false},"excerpt":{"rendered":"<p>Coluna Bras\u00edlia-DF Empenhados em deixar o presidente Jair Bolsonaro contra a parede neste ano eleitoral, os petistas v\u00e3o mirar toda a sua artilharia para dois pontos que consideram hoje os de maior fragilidade do capit\u00e3o: a CPI das Fake News e o esc\u00e2ndalo das rachadinhas que tem o senador Fl\u00e1vio Bolsonaro como personagem. \u00bb \u00bb \u00bb No caso da CPI [&hellip;]<\/p>\n","protected":false},"author":29,"featured_media":4695,"comment_status":"closed","ping_status":"closed","sticky":false,"template":"","format":"standard","meta":{"footnotes":""},"categories":[4],"tags":[28,23],"class_list":["post-4694","post","type-post","status-publish","format-standard","has-post-thumbnail","hentry","category-coluna-brasilia-df","tag-bolsonaro","tag-pt"],"_links":{"self":[{"href":"https:\/\/blogs.correiobraziliense.com.br\/denise\/wp-json\/wp\/v2\/posts\/4694","targetHints":{"allow":["GET"]}}],"collection":[{"href":"https:\/\/blogs.correiobraziliense.com.br\/denise\/wp-json\/wp\/v2\/posts"}],"about":[{"href":"https:\/\/blogs.correiobraziliense.com.br\/denise\/wp-json\/wp\/v2\/types\/post"}],"author":[{"embeddable":true,"href":"https:\/\/blogs.correiobraziliense.com.br\/denise\/wp-json\/wp\/v2\/users\/29"}],"replies":[{"embeddable":true,"href":"https:\/\/blogs.correiobraziliense.com.br\/denise\/wp-json\/wp\/v2\/comments?post=4694"}],"version-history":[{"count":3,"href":"https:\/\/blogs.correiobraziliense.com.br\/denise\/wp-json\/wp\/v2\/posts\/4694\/revisions"}],"predecessor-version":[{"id":4698,"href":"https:\/\/blogs.correiobraziliense.com.br\/denise\/wp-json\/wp\/v2\/posts\/4694\/revisions\/4698"}],"wp:featuredmedia":[{"embeddable":true,"href":"https:\/\/blogs.correiobraziliense.com.br\/denise\/wp-json\/wp\/v2\/media\/4695"}],"wp:attachment":[{"href":"https:\/\/blogs.correiobraziliense.com.br\/denise\/wp-json\/wp\/v2\/media?parent=4694"}],"wp:term":[{"taxonomy":"category","embeddable":true,"href":"https:\/\/blogs.correiobraziliense.com.br\/denise\/wp-json\/wp\/v2\/categories?post=4694"},{"taxonomy":"post_tag","embeddable":true,"href":"https:\/\/blogs.correiobraziliense.com.br\/denise\/wp-json\/wp\/v2\/tags?post=4694"}],"curies":[{"name":"wp","href":"https:\/\/api.w.org\/{rel}","templated":true}]}}