{"id":4691,"date":"2020-01-10T08:07:37","date_gmt":"2020-01-10T11:07:37","guid":{"rendered":"https:\/\/blogs.correiobraziliense.com.br\/denise\/?p=4691"},"modified":"2020-01-10T08:07:37","modified_gmt":"2020-01-10T11:07:37","slug":"bolsonaro-e-aconselhado-a-nao-sancionar-fundo-eleitoral-como-retaliacao-aos-ataques-contra-flavio","status":"publish","type":"post","link":"https:\/\/blogs.correiobraziliense.com.br\/denise\/bolsonaro-e-aconselhado-a-nao-sancionar-fundo-eleitoral-como-retaliacao-aos-ataques-contra-flavio\/","title":{"rendered":"Bolsonaro \u00e9 aconselhado a n\u00e3o sancionar fundo eleitoral como retalia\u00e7\u00e3o aos ataques contra Fl\u00e1vio"},"content":{"rendered":"<h6><strong>Coluna Bras\u00edlia-DF<\/strong><\/h6>\n<p>O presidente Jair Bolsonaro j\u00e1 foi alertado de que, nesta largada de 2020, a oposi\u00e7\u00e3o e at\u00e9 parte de antigos aliados vir\u00e3o \u201carmados\u201d para cima do senador Fl\u00e1vio Bolsonaro (sem partido-RJ). Fl\u00e1vio aparece enroscado nas den\u00fancias de \u201crachadinha\u201d do tempo em que era deputado estadual e tinha como um dos assessores Fabricio Queiroz, suspeito de operar o esquema de cobran\u00e7a de parte dos sal\u00e1rios dos servidores do gabinete. O aviso fez, inclusive, com que aliados do presidente o aconselhassem a n\u00e3o sancionar o fundo eleitoral, como retalia\u00e7\u00e3o.<\/p>\n<p>H\u00e1 dois dias, Bolsonaro deu a entender que vai sancionar os R$ 2 bilh\u00f5es para financiar a elei\u00e7\u00e3o. Por\u00e9m a classe pol\u00edtica, hoje, s\u00f3 acredita nessa san\u00e7\u00e3o depois que o Or\u00e7amento estiver publicado no <em>Di\u00e1rio Oficial da Uni\u00e3o<\/em>.<\/p>\n<h2>\n<strong>Fl\u00e1vio e o fundo<\/strong><\/h2>\n<p>Entre os aliados do presidente Bolsonaro h\u00e1 quem esteja certo de que os maiores benefici\u00e1rios do fundo eleitoral \u2014 PT e a dire\u00e7\u00e3o do PSL \u2014 v\u00e3o usar a verba para atacar Fl\u00e1vio, Carlos (o 02) e, de quebra, o deputado Eduardo. Em especial, na elei\u00e7\u00e3o do Rio de Janeiro. Esses dois partidos ser\u00e3o os mais contemplados porque elegeram as maiores bancadas.<\/p>\n<h2>\n<strong>O dono da bola<\/strong><\/h2>\n<p>Tem uma turma torcendo para que Bolsonaro vete o fundo eleitoral, porque, assim, se o Alian\u00e7a pelo Brasil conseguir seu registro provis\u00f3rio, poder\u00e1 participar do pleito. E a nova agremia\u00e7\u00e3o n\u00e3o ter\u00e1 direito a fundo partid\u00e1rio. O veto ao fundo, por esse motivo, \u00e9 arriscado: pode deixar o presidente com cara daquele garoto que, por n\u00e3o ser o principal jogador, pega a bola e leva para casa.<\/p>\n<h2>\n<strong>Todo mundo em p\u00e2nico I<\/strong><\/h2>\n<p>A pris\u00e3o do ex-senador Luiz Ot\u00e1vio (MDB) por acusa\u00e7\u00f5es de recebimento de caixa dois na campanha de 2014 deixou os pol\u00edticos de cabelo em p\u00e9. \u00c9 que, para alguns, foi a prova cabal de que as informa\u00e7\u00f5es da megadela\u00e7\u00e3o da Odebrecht, de 2016, ainda podem causar muitos estragos.<\/p>\n<h2>\n<strong>Todo mundo em p\u00e2nico II<\/strong><\/h2>\n<p>O que mais incomoda as excel\u00eancias \u00e9 o fato de 2020 ser um ano eleitoral, quando a popula\u00e7\u00e3o est\u00e1 com a aten\u00e7\u00e3o voltada \u00e0s atividades pol\u00edticas. J\u00e1 tem gente ligando para advogados a fim de refrescar a mem\u00f3ria sobre a famosa lista da Odebrecht.<\/p>\n<h2>\n<em><strong>CURTIDAS<\/strong><\/em><\/h2>\n<p><strong>Sony versus Tesla? \/<\/strong> Na maior feira de tecnologia do mundo, por esses dias, em Las Vegas, a Sony apresentou um carro el\u00e9trico todo high tech, jurando que n\u00e3o pretende entrar nesse mercado para competir com a Tesla. Queria apenas mostrar as novidades tecnol\u00f3gicas que podem ser usadas pelas montadoras em breve.<\/p>\n<p><strong>AWS versus Google?\/<\/strong> Em dezembro, a AWS (Amazon Web Services) apresentou um mecanismo de busca ultramoderno para seus clientes e usou o mesmo discurso, de que n\u00e3o vai competir com o Google.<\/p>\n<p><strong>D\u00favida para a pr\u00e9via\/<\/strong> \u00danico pr\u00e9-candidato a prefeito declarado que ainda n\u00e3o se inscreveu na pr\u00e9via, o deputado Paulo Teixeira, do PT-SP, vai conversar com o ex-presidente Lula antes de decidir se embarca nessa empreitada. \u00c9 quase certo que dever\u00e1 ficar fora da disputa. O prazo de inscri\u00e7\u00e3o termina na pr\u00f3xima sexta-feira. At\u00e9 aqui, entraram os deputados Alexandre Padilha, Carlos Zaratini, Jilmar Tatto, e os vereadores Eduardo Suplicy e Nabil Bonduki.<\/p>\n<p><strong>Falem bem, falem mal\/<\/strong> O atentado \u00e0 produtora Porta dos Fundos e a decis\u00e3o judicial de censurar o especial de Natal s\u00f3 fizeram aumentar as suas visualiza\u00e7\u00f5es no Netflix. Agora, liberado pelo presidente do STF, Dias Toffoli, o filme humor\u00edstico promete quebrar recordes. O Porta dos Fundos j\u00e1 \u00e9 considerado o Monty Python tupiniquim.<\/p>\n","protected":false},"excerpt":{"rendered":"<p>Coluna Bras\u00edlia-DF O presidente Jair Bolsonaro j\u00e1 foi alertado de que, nesta largada de 2020, a oposi\u00e7\u00e3o e at\u00e9 parte de antigos aliados vir\u00e3o \u201carmados\u201d para cima do senador Fl\u00e1vio Bolsonaro (sem partido-RJ). Fl\u00e1vio aparece enroscado nas den\u00fancias de \u201crachadinha\u201d do tempo em que era deputado estadual e tinha como um dos assessores Fabricio Queiroz, suspeito de operar o esquema [&hellip;]<\/p>\n","protected":false},"author":29,"featured_media":4692,"comment_status":"closed","ping_status":"closed","sticky":false,"template":"","format":"standard","meta":{"footnotes":""},"categories":[4],"tags":[],"class_list":["post-4691","post","type-post","status-publish","format-standard","has-post-thumbnail","hentry","category-coluna-brasilia-df"],"_links":{"self":[{"href":"https:\/\/blogs.correiobraziliense.com.br\/denise\/wp-json\/wp\/v2\/posts\/4691","targetHints":{"allow":["GET"]}}],"collection":[{"href":"https:\/\/blogs.correiobraziliense.com.br\/denise\/wp-json\/wp\/v2\/posts"}],"about":[{"href":"https:\/\/blogs.correiobraziliense.com.br\/denise\/wp-json\/wp\/v2\/types\/post"}],"author":[{"embeddable":true,"href":"https:\/\/blogs.correiobraziliense.com.br\/denise\/wp-json\/wp\/v2\/users\/29"}],"replies":[{"embeddable":true,"href":"https:\/\/blogs.correiobraziliense.com.br\/denise\/wp-json\/wp\/v2\/comments?post=4691"}],"version-history":[{"count":1,"href":"https:\/\/blogs.correiobraziliense.com.br\/denise\/wp-json\/wp\/v2\/posts\/4691\/revisions"}],"predecessor-version":[{"id":4693,"href":"https:\/\/blogs.correiobraziliense.com.br\/denise\/wp-json\/wp\/v2\/posts\/4691\/revisions\/4693"}],"wp:featuredmedia":[{"embeddable":true,"href":"https:\/\/blogs.correiobraziliense.com.br\/denise\/wp-json\/wp\/v2\/media\/4692"}],"wp:attachment":[{"href":"https:\/\/blogs.correiobraziliense.com.br\/denise\/wp-json\/wp\/v2\/media?parent=4691"}],"wp:term":[{"taxonomy":"category","embeddable":true,"href":"https:\/\/blogs.correiobraziliense.com.br\/denise\/wp-json\/wp\/v2\/categories?post=4691"},{"taxonomy":"post_tag","embeddable":true,"href":"https:\/\/blogs.correiobraziliense.com.br\/denise\/wp-json\/wp\/v2\/tags?post=4691"}],"curies":[{"name":"wp","href":"https:\/\/api.w.org\/{rel}","templated":true}]}}