{"id":4688,"date":"2020-01-09T08:14:49","date_gmt":"2020-01-09T11:14:49","guid":{"rendered":"https:\/\/blogs.correiobraziliense.com.br\/denise\/?p=4688"},"modified":"2020-01-09T08:14:49","modified_gmt":"2020-01-09T11:14:49","slug":"citacao-de-lula-por-bolsonaro-e-a-volta-da-tatica-de-polarizacao","status":"publish","type":"post","link":"https:\/\/blogs.correiobraziliense.com.br\/denise\/citacao-de-lula-por-bolsonaro-e-a-volta-da-tatica-de-polarizacao\/","title":{"rendered":"Bolsonaro volta \u00e0 velha receita de polemizar com o PT"},"content":{"rendered":"<h6><strong>Coluna Bras\u00edlia-DF<\/strong><\/h6>\n<p>A cita\u00e7\u00e3o que o presidente Jair Bolsonaro fez do ex-presidente Lula em sua r\u00e1pida fala depois do pronunciamento de Donald Trump foi lida pelos pol\u00edticos como um sinal de que o governo tenta, aos poucos, deixar de lado o conflito Ir\u00e3 versus Estados Unidos e se voltar \u00e0 velha receita de polemizar com o PT. Foi essa f\u00f3rmula que funcionou para o presidente eleitoralmente e, de acordo com seus aliados, \u00e9 o que funcionar\u00e1 daqui para a frente.<\/p>\n<p>Em tempo: Bolsonaro sabe que o Brasil n\u00e3o tem tamanho para seguir Trump nas san\u00e7\u00f5es comerciais aos iranianos. Afinal, a economia brasileira est\u00e1 come\u00e7ando a sair de uma crise, e a press\u00e3o dos agricultores \u00e9 no sentido de ampliar o com\u00e9rcio com o Ir\u00e3, ou seja, no sentido oposto ao dos Estados Unidos. Da mesma forma que Bolsonaro voltou ao normal, ao polemizar com Lula, Trump recorre ao antigo discurso das san\u00e7\u00f5es econ\u00f4micas.<\/p>\n<h2>\n<strong>H\u00e1 vagas<\/strong><\/h2>\n<p>Em breve, o presidente Jair Bolsonaro ter\u00e1 uma chance de testar sua capacidade de n\u00e3o se deixar levar por press\u00f5es pol\u00edticas para preencher cargos em ag\u00eancias reguladoras. \u00c9 que, em mar\u00e7o, terminam mandatos de diretores da Ag\u00eancia Nacional de Avia\u00e7\u00e3o Civil (Anac), de Petr\u00f3leo (ANP) e de Vigil\u00e2ncia Sanit\u00e1ria (Anvisa). Em todos os casos, os partidos est\u00e3o de olho nas vagas.<\/p>\n<h2>\n<strong>A guerra no PSB<\/strong><\/h2>\n<p>Os socialistas abrem 2020 recheados de crises. Quando estava tudo certo para que Danilo Cabral (PE) assumisse o cargo de l\u00edder da bancada sem disputa, Alessandro Molon, que tem menos de um ano no partido, se apresentou para concorrer ao posto.<\/p>\n<h2>\n<strong>Briga de fam\u00edlia<\/strong><\/h2>\n<p>Os socialistas est\u00e3o ainda estarrecidos com a descompostura p\u00fablica que a ministra do Tribunal de Contas da Uni\u00e3o (TCU), Ana Arraes, passou no neto, o deputado Jo\u00e3o Campos, herdeiro pol\u00edtico do pai, Eduardo, filho de Ana, falecido em 2014. Essa rusga, avaliam os integrantes do PSB, pode atrapalhar a campanha de Jo\u00e3o a prefeito de Recife e, por tabela, o partido.<\/p>\n<h2>\n<strong>Fio da meada<\/strong><\/h2>\n<p>As rusgas na fam\u00edlia Campos n\u00e3o s\u00e3o novas. Eduardo e o irm\u00e3o, que hoje preside a Funda\u00e7\u00e3o Joaquim Nabuco, tinham suas diferen\u00e7as, que n\u00e3o se dissiparam depois da morte do ex-governador. Tudo ressurgiu quando Jo\u00e3o Campos foi provocado pelo ministro da Educa\u00e7\u00e3o, Abraham Weintraub, por ter um tio (Antonio Campos) no governo. O deputado respondeu que n\u00e3o falava com o parente, \u201cuma pessoa pior\u201d que o ministro. Agora, numa entrevista no Recife, Ana Arraes reprimiu o neto. \u00c9 aguardar os pr\u00f3ximos cap\u00edtulos.<\/p>\n<h2>\n<strong><em>CURTIDAS<\/em><\/strong><\/h2>\n<p><strong>Bia na lida\/<\/strong> A deputada Bia Kicis (sem partido-DF) tem pronto um projeto de lei que pro\u00edbe a cobran\u00e7a de taxa de energia solar e vai apresentar o texto ao parlamento logo no primeiro dia de funcionamento do Congresso.<\/p>\n<p><strong>Davos dos advers\u00e1rios e de Paulo Guedes\/<\/strong> O ministro da Economia, Paulo Guedes, representar\u00e1 o governo brasileiro em Davos. \u00c9 ele quem far\u00e1 o contraponto com o governador de S\u00e3o Paulo, Jo\u00e3o Doria, um dos conferencistas do evento pelo terceiro ano consecutivo, e com Luciano Huck, estreante no F\u00f3rum Econ\u00f4mico Mundial.<\/p>\n<p><strong>A volta de Eduardo Alves\/<\/strong> Ex-presidente da C\u00e2mara, Henrique Eduardo Alves (MDB-RN) retornou ao Twitter com for\u00e7a total desde julho do ano passado, quando saiu da pris\u00e3o. Em Natal, h\u00e1 quem diga que ele sonha em retornar \u00e0 pol\u00edtica.<\/p>\n<p><strong>Bolsonaro em degrad\u00e9\/<\/strong> H\u00e1 dois dias, o presidente Jair bolsonaro disse que jornalista era uma esp\u00e9cie em extin\u00e7\u00e3o. Ontem, entretanto, ele recorreu \u00e0 imprensa para assistir ao pronunciamento do presidente Donald Trump. De quebra, na GloboNews, uma emissora das organiza\u00e7\u00f5es Globo, que ele tanto critica.<\/p>\n<p><strong>Falta combinar\/<\/strong> No conflito Ir\u00e3 versus Estados Unidos resta saber se fundamentalistas e milicianos v\u00e3o seguir os l\u00edderes e evitar novos ataques. A crise desceu uma oitava, mas a tens\u00e3o permanece.<\/p>\n","protected":false},"excerpt":{"rendered":"<p>Coluna Bras\u00edlia-DF A cita\u00e7\u00e3o que o presidente Jair Bolsonaro fez do ex-presidente Lula em sua r\u00e1pida fala depois do pronunciamento de Donald Trump foi lida pelos pol\u00edticos como um sinal de que o governo tenta, aos poucos, deixar de lado o conflito Ir\u00e3 versus Estados Unidos e se voltar \u00e0 velha receita de polemizar com o PT. Foi essa f\u00f3rmula [&hellip;]<\/p>\n","protected":false},"author":29,"featured_media":4689,"comment_status":"closed","ping_status":"closed","sticky":false,"template":"","format":"standard","meta":{"footnotes":""},"categories":[4],"tags":[],"class_list":["post-4688","post","type-post","status-publish","format-standard","has-post-thumbnail","hentry","category-coluna-brasilia-df"],"_links":{"self":[{"href":"https:\/\/blogs.correiobraziliense.com.br\/denise\/wp-json\/wp\/v2\/posts\/4688","targetHints":{"allow":["GET"]}}],"collection":[{"href":"https:\/\/blogs.correiobraziliense.com.br\/denise\/wp-json\/wp\/v2\/posts"}],"about":[{"href":"https:\/\/blogs.correiobraziliense.com.br\/denise\/wp-json\/wp\/v2\/types\/post"}],"author":[{"embeddable":true,"href":"https:\/\/blogs.correiobraziliense.com.br\/denise\/wp-json\/wp\/v2\/users\/29"}],"replies":[{"embeddable":true,"href":"https:\/\/blogs.correiobraziliense.com.br\/denise\/wp-json\/wp\/v2\/comments?post=4688"}],"version-history":[{"count":1,"href":"https:\/\/blogs.correiobraziliense.com.br\/denise\/wp-json\/wp\/v2\/posts\/4688\/revisions"}],"predecessor-version":[{"id":4690,"href":"https:\/\/blogs.correiobraziliense.com.br\/denise\/wp-json\/wp\/v2\/posts\/4688\/revisions\/4690"}],"wp:featuredmedia":[{"embeddable":true,"href":"https:\/\/blogs.correiobraziliense.com.br\/denise\/wp-json\/wp\/v2\/media\/4689"}],"wp:attachment":[{"href":"https:\/\/blogs.correiobraziliense.com.br\/denise\/wp-json\/wp\/v2\/media?parent=4688"}],"wp:term":[{"taxonomy":"category","embeddable":true,"href":"https:\/\/blogs.correiobraziliense.com.br\/denise\/wp-json\/wp\/v2\/categories?post=4688"},{"taxonomy":"post_tag","embeddable":true,"href":"https:\/\/blogs.correiobraziliense.com.br\/denise\/wp-json\/wp\/v2\/tags?post=4688"}],"curies":[{"name":"wp","href":"https:\/\/api.w.org\/{rel}","templated":true}]}}