{"id":4683,"date":"2020-01-08T08:12:27","date_gmt":"2020-01-08T11:12:27","guid":{"rendered":"https:\/\/blogs.correiobraziliense.com.br\/denise\/?p=4683"},"modified":"2020-01-08T08:12:27","modified_gmt":"2020-01-08T11:12:27","slug":"a-volta-de-agnelo-inaugurei-com-muito-orgulho-o-mane-garrincha","status":"publish","type":"post","link":"https:\/\/blogs.correiobraziliense.com.br\/denise\/a-volta-de-agnelo-inaugurei-com-muito-orgulho-o-mane-garrincha\/","title":{"rendered":"A volta de Agnelo: Inaugurei com \u201cmuito orgulho\u201d o Man\u00e9 Garrincha"},"content":{"rendered":"<h6>Coluna Bras\u00edlia-DF<\/h6>\n<p>Ex-governador do DF e ex-ministro do Esporte de Lula, Agnelo Queiroz abriu uma <a href=\"https:\/\/www.facebook.com\/naestradacomagnelo\/\">fanpage no Facebook<\/a>. Montado numa moto e com a hashtag #NaEstradaComAgnelo, ele diz que inaugurou com \u201cmuito orgulho\u201d o est\u00e1dio Man\u00e9 Garrincha, e que a obra gerou muitos recursos para a economia local. Se depender da maioria dos coment\u00e1rios, \u00e9 melhor Agnelo se recolher. Tem at\u00e9 quem diga \u201cgente, arruma pedra porque o ovo est\u00e1 caro\u201d.<\/p>\n<h2>\n<strong>A volta de Agnelo II<\/strong><\/h2>\n<p>Ele fez ainda um v\u00eddeo em que diz n\u00e3o ter pretens\u00f5es eleitorais, deseja apenas recuperar um legado. Obteve at\u00e9 ontem, no final da tarde, 2.900 visualiza\u00e7\u00f5es e 72 curtidas. Desse total, 35 likes, 20 gargalhadas e 17 carinhas de f\u00faria.<\/p>\n<p><a href=\"https:\/\/www.facebook.com\/naestradacomagnelo\/videos\/777177366043341\/\">https:\/\/www.facebook.com\/naestradacomagnelo\/videos\/777177366043341\/<\/a><\/p>\n","protected":false},"excerpt":{"rendered":"<p>Coluna Bras\u00edlia-DF Ex-governador do DF e ex-ministro do Esporte de Lula, Agnelo Queiroz abriu uma fanpage no Facebook. Montado numa moto e com a hashtag #NaEstradaComAgnelo, ele diz que inaugurou com \u201cmuito orgulho\u201d o est\u00e1dio Man\u00e9 Garrincha, e que a obra gerou muitos recursos para a economia local. Se depender da maioria dos coment\u00e1rios, \u00e9 melhor Agnelo se recolher. Tem [&hellip;]<\/p>\n","protected":false},"author":29,"featured_media":4686,"comment_status":"closed","ping_status":"closed","sticky":false,"template":"","format":"standard","meta":{"footnotes":""},"categories":[4],"tags":[],"class_list":["post-4683","post","type-post","status-publish","format-standard","has-post-thumbnail","hentry","category-coluna-brasilia-df"],"_links":{"self":[{"href":"https:\/\/blogs.correiobraziliense.com.br\/denise\/wp-json\/wp\/v2\/posts\/4683","targetHints":{"allow":["GET"]}}],"collection":[{"href":"https:\/\/blogs.correiobraziliense.com.br\/denise\/wp-json\/wp\/v2\/posts"}],"about":[{"href":"https:\/\/blogs.correiobraziliense.com.br\/denise\/wp-json\/wp\/v2\/types\/post"}],"author":[{"embeddable":true,"href":"https:\/\/blogs.correiobraziliense.com.br\/denise\/wp-json\/wp\/v2\/users\/29"}],"replies":[{"embeddable":true,"href":"https:\/\/blogs.correiobraziliense.com.br\/denise\/wp-json\/wp\/v2\/comments?post=4683"}],"version-history":[{"count":1,"href":"https:\/\/blogs.correiobraziliense.com.br\/denise\/wp-json\/wp\/v2\/posts\/4683\/revisions"}],"predecessor-version":[{"id":4687,"href":"https:\/\/blogs.correiobraziliense.com.br\/denise\/wp-json\/wp\/v2\/posts\/4683\/revisions\/4687"}],"wp:featuredmedia":[{"embeddable":true,"href":"https:\/\/blogs.correiobraziliense.com.br\/denise\/wp-json\/wp\/v2\/media\/4686"}],"wp:attachment":[{"href":"https:\/\/blogs.correiobraziliense.com.br\/denise\/wp-json\/wp\/v2\/media?parent=4683"}],"wp:term":[{"taxonomy":"category","embeddable":true,"href":"https:\/\/blogs.correiobraziliense.com.br\/denise\/wp-json\/wp\/v2\/categories?post=4683"},{"taxonomy":"post_tag","embeddable":true,"href":"https:\/\/blogs.correiobraziliense.com.br\/denise\/wp-json\/wp\/v2\/tags?post=4683"}],"curies":[{"name":"wp","href":"https:\/\/api.w.org\/{rel}","templated":true}]}}