{"id":4679,"date":"2020-01-07T07:45:22","date_gmt":"2020-01-07T10:45:22","guid":{"rendered":"https:\/\/blogs.correiobraziliense.com.br\/denise\/?p=4679"},"modified":"2020-01-07T07:45:22","modified_gmt":"2020-01-07T10:45:22","slug":"sem-pressa-para-formar-partido-bolsonaro-pode-nao-se-posicionar-nas-eleicoes-municipais","status":"publish","type":"post","link":"https:\/\/blogs.correiobraziliense.com.br\/denise\/sem-pressa-para-formar-partido-bolsonaro-pode-nao-se-posicionar-nas-eleicoes-municipais\/","title":{"rendered":"Sem pressa para formar partido, Bolsonaro pode n\u00e3o se posicionar nas elei\u00e7\u00f5es municipais"},"content":{"rendered":"<p><strong>Bolsonaro<\/strong> est\u00e1 no melhor dos mundos em rela\u00e7\u00e3o \u00e0 elei\u00e7\u00e3o de 2020. Ainda n\u00e3o tem um partido para chamar de seu, portanto, n\u00e3o tem responsabilidades sobre eleger quem quer que seja. Os filhos n\u00e3o podem ser candidatos \u2014 est\u00e3o ineleg\u00edveis para outros cargos porque o pai \u00e9 presidente. Nesse cen\u00e1rio, h\u00e1 dentro do Congresso e do futuro partido quem defenda que o presidente n\u00e3o corra tanto para formar logo o <strong>Alian\u00e7a pelo Brasil<\/strong>. Vai sempre poder dizer que n\u00e3o pode ter candidatos por causa das regras eleitorais. E, depois, poder\u00e1 levar os prefeitos eleitos para o seu lado, sem precisar se esfor\u00e7ar para apoiar ningu\u00e9m.<\/p>\n<h3>Efeito cascata<\/h3>\n<p>O ajuste nos sal\u00e1rios dos <strong>policiais federais<\/strong> vai provocar uma corrida por aumentos nas demais categorias. E a aposta de muitos pol\u00edticos \u00e9 a de que, por ser um ano eleitoral, todos os segmentos consigam alguma coisa no Congresso. Ningu\u00e9m no parlamento quer confus\u00e3o com policiais federais, nem tampouco com as for\u00e7as de seguran\u00e7a como um todo. Vai sobrar para Bolsonaro, l\u00e1 na frente, vetar o que n\u00e3o for jogo combinado com o Poder Executivo.<\/p>\n<h3>Rio, o caldeir\u00e3o<\/h3>\n<p>Que S\u00e3o Paulo, que nada. A elei\u00e7\u00e3o que mais chama a aten\u00e7\u00e3o dos bolsonaristas, hoje, \u00e9 a do Rio de Janeiro. O prefeito <strong>Marcelo Crivella<\/strong> est\u00e1 em baixa, o governador <strong>Wilson Witzel<\/strong> tem pretens\u00f5es nacionais e, para completar, \u00e9 ali que se dar\u00e3o as investiga\u00e7\u00f5es que envolvem os filhos do presidente.<\/p>\n<h3>Refinarias em debate<\/h3>\n<p>Na agenda do presidente da Petrobras, Roberto Castello Branco, em Bras\u00edlia, inclusive com Bolsonaro, est\u00e1, al\u00e9m do pre\u00e7o do petr\u00f3leo, a venda de oito refinarias da empresa. Quem entende do tra\u00e7ado v\u00ea problemas, porque deixar\u00e1 o pa\u00eds mais exposto ao pre\u00e7o internacional, que tende a subir com a crise entre os Estados Unidos e o Ir\u00e3.<\/p>\n<p><strong>Por falar em Estados Unidos\u2026.<\/strong><\/p>\n<p>No meio diplom\u00e1tico, h\u00e1 quem diga que o presidente Donald Trump aumenta o tom em rela\u00e7\u00e3o \u00e0s amea\u00e7as de retalia\u00e7\u00e3o do Ir\u00e3 porque, assim, emba\u00e7a a discuss\u00e3o do processo de impeachment. \u00c9 a velha t\u00e1tica: se quer escapar de uma confus\u00e3o, arrume outra maior.<\/p>\n<h3>E o dinheiro, \u00f3\u2026<\/h3>\n<p>Presidentes de partidos come\u00e7aram o ano enlouquecidos. Quem fez as contas garante que, mesmo com a san\u00e7\u00e3o do fund\u00e3o eleitoral por Bolsonaro, os R$ 2 bilh\u00f5es ser\u00e3o insuficientes para financiar as campanhas pa\u00eds afora. E n\u00e3o d\u00e1 nem para reclamar, porque a quantia global destinada \u00e9 alt\u00edssima. Logo, podem apostar: vem a\u00ed o caixa dois, o caixa tr\u00eas e por a\u00ed vai.<\/p>\n<p><strong>Duas leituras<\/strong>\/ A contar pelas conversas palacianas de advogados, o ministro da Justi\u00e7a, S\u00e9rgio Moro, n\u00e3o \u00e9 o preferido de Bolsonaro para a vaga do Supremo Tribunal Federal, a ser aberta em novembro. \u00c9 que, se colocar Moro no STF, o presidente perde o ministro mais popular de seu governo, e ainda um poss\u00edvel candidato a vice-presidente.<\/p>\n<p><strong>Pra\u00e7a digital I\/<\/strong> A Pra\u00e7a dos Tr\u00eas Poderes passar\u00e1 por uma reforma para a turma da tecnologia n\u00e3o botar defeito. V\u00eam a\u00ed, inclusive, hologramas de Lucio Costa para explicar os monumentos.<\/p>\n<p><strong>Pra\u00e7a digital II\/<\/strong> Quem olhar de longe n\u00e3o perceber\u00e1 as mudan\u00e7as, porque o local \u00e9 tombado e n\u00e3o pode ser modificado. Da\u00ed, o uso de recursos tecnol\u00f3gicos.<\/p>\n<p><strong>Sem partido n\u00e3o fica\/<\/strong> Bom de voto e amigo de Bolsonaro, Marcos Feliciano (sem patido-SP) j\u00e1 recebeu convites para ingressar na nova legenda, assim que for formada. Expulso do Podemos, ele n\u00e3o tem pressa em arrumar uma nova agremia\u00e7\u00e3o. Segue o ditado: quem tem tempo n\u00e3o tem pressa.<\/p>\n","protected":false},"excerpt":{"rendered":"<p>Bolsonaro est\u00e1 no melhor dos mundos em rela\u00e7\u00e3o \u00e0 elei\u00e7\u00e3o de 2020. Ainda n\u00e3o tem um partido para chamar de seu, portanto, n\u00e3o tem responsabilidades sobre eleger quem quer que seja.<\/p>\n","protected":false},"author":29,"featured_media":4680,"comment_status":"closed","ping_status":"closed","sticky":false,"template":"","format":"standard","meta":{"footnotes":""},"categories":[4],"tags":[207,28,230,231],"class_list":["post-4679","post","type-post","status-publish","format-standard","has-post-thumbnail","hentry","category-coluna-brasilia-df","tag-alianca-pelo-brasil","tag-bolsonaro","tag-eleicao","tag-eleicoes-municipais"],"_links":{"self":[{"href":"https:\/\/blogs.correiobraziliense.com.br\/denise\/wp-json\/wp\/v2\/posts\/4679","targetHints":{"allow":["GET"]}}],"collection":[{"href":"https:\/\/blogs.correiobraziliense.com.br\/denise\/wp-json\/wp\/v2\/posts"}],"about":[{"href":"https:\/\/blogs.correiobraziliense.com.br\/denise\/wp-json\/wp\/v2\/types\/post"}],"author":[{"embeddable":true,"href":"https:\/\/blogs.correiobraziliense.com.br\/denise\/wp-json\/wp\/v2\/users\/29"}],"replies":[{"embeddable":true,"href":"https:\/\/blogs.correiobraziliense.com.br\/denise\/wp-json\/wp\/v2\/comments?post=4679"}],"version-history":[{"count":1,"href":"https:\/\/blogs.correiobraziliense.com.br\/denise\/wp-json\/wp\/v2\/posts\/4679\/revisions"}],"predecessor-version":[{"id":4681,"href":"https:\/\/blogs.correiobraziliense.com.br\/denise\/wp-json\/wp\/v2\/posts\/4679\/revisions\/4681"}],"wp:featuredmedia":[{"embeddable":true,"href":"https:\/\/blogs.correiobraziliense.com.br\/denise\/wp-json\/wp\/v2\/media\/4680"}],"wp:attachment":[{"href":"https:\/\/blogs.correiobraziliense.com.br\/denise\/wp-json\/wp\/v2\/media?parent=4679"}],"wp:term":[{"taxonomy":"category","embeddable":true,"href":"https:\/\/blogs.correiobraziliense.com.br\/denise\/wp-json\/wp\/v2\/categories?post=4679"},{"taxonomy":"post_tag","embeddable":true,"href":"https:\/\/blogs.correiobraziliense.com.br\/denise\/wp-json\/wp\/v2\/tags?post=4679"}],"curies":[{"name":"wp","href":"https:\/\/api.w.org\/{rel}","templated":true}]}}