{"id":4674,"date":"2019-12-26T06:59:15","date_gmt":"2019-12-26T09:59:15","guid":{"rendered":"https:\/\/blogs.correiobraziliense.com.br\/denise\/?p=4674"},"modified":"2019-12-26T06:59:15","modified_gmt":"2019-12-26T09:59:15","slug":"empregados-publicos-sao-plano-b-do-governo-para-reforma-administrativa","status":"publish","type":"post","link":"https:\/\/blogs.correiobraziliense.com.br\/denise\/empregados-publicos-sao-plano-b-do-governo-para-reforma-administrativa\/","title":{"rendered":"Empregados p\u00fablicos s\u00e3o plano B do governo para reforma administrativa"},"content":{"rendered":"<p>Se o governo n\u00e3o conseguir fazer a <strong>reforma administrativa<\/strong>, a ideia em estudo \u00e9 priorizar a contrata\u00e7\u00e3o de <strong>empregados p\u00fablicos<\/strong> em vez de servidores p\u00fablicos. Empregados p\u00fablicos s\u00e3o contratados via CLT, n\u00e3o t\u00eam estabilidade e nem direito aos benef\u00edcios do Regime Jur\u00eddico \u00danico (RJU). Assim, para evitar uma nova massa de funcion\u00e1rios est\u00e1veis, a contrata\u00e7\u00e3o de celetistas deve aumentar. Essa prefer\u00eancia por celetistas foi levantada como uma hip\u00f3tese pelo Instituto Fiscal Independente em seu \u00faltimo estudo especial, sobre as despesas de pessoal no servi\u00e7o p\u00fablico federal. Num pa\u00eds com o desemprego ainda nas alturas, \u00e9 esse o tema que dominar\u00e1 os debates em 2020.<\/p>\n<p>A expectativa de muitos parlamentares \u00e9 a de que esse assunto abra as discuss\u00f5es de 2020 no parlamento, dentro da medida provis\u00f3ria que criou o programa do emprego verde e amarelo e mexeu na CLT. No total, o texto da MP j\u00e1 recebeu 1.930 emendas. Esse ser\u00e1 um dos principais temas de fevereiro e ser\u00e1 ainda explorado pela oposi\u00e7\u00e3o como uma tentativa do governo de cortar direitos trabalhistas.<\/p>\n<h3>\nMoro sob press\u00e3o<\/h3>\n<p>Ao afagar o Congresso com a manuten\u00e7\u00e3o do juiz de garantias, o presidente <strong>Jair Bolsonaro<\/strong> exp\u00f4s mais uma vez o ministro da Justi\u00e7a, <strong>Sergio Moro<\/strong>, e colocou a oposi\u00e7\u00e3o em ataque para constranger o ex-juiz. O deputado Orlando Silva, por exemplo, agradeceu a san\u00e7\u00e3o das mudan\u00e7as aprovadas pelo <strong>Congresso<\/strong> e foi direto: \u201cO parlamento derrotou o populismo penal de Sergio Moro, que agora s\u00f3 tem um caminho: pedir o bon\u00e9!\u201d<\/p>\n<p><strong>Press\u00e3o de quem?<\/strong><\/p>\n<p>Da mesma forma que o presidente da C\u00e2mara, <strong>Rodrigo Maia<\/strong>, foi avisado da san\u00e7\u00e3o do pacote anticrime e seus vetos, o ministro da Justi\u00e7a tamb\u00e9m foi. A avalia\u00e7\u00e3o palaciana \u00e9 a de que est\u00e3o todos bem. Se tem press\u00e3o, \u00e9 s\u00f3 da oposi\u00e7\u00e3o.<\/p>\n<h3>\nEuropeus e polui\u00e7\u00e3o<\/h3>\n<p>Reportagem do <em>New York Times<\/em> cai como uma luva nas pretens\u00f5es do Brasil, de mostrar que os europeus n\u00e3o cuidam de proteger seu <strong>meio ambiente<\/strong>. O jornal aponta que as \u00e1reas mais polu\u00eddas da It\u00e1lia s\u00e3o as que mais recebem subs\u00eddios agr\u00edcolas.<\/p>\n<p><strong>Estuda a\u00ed para cobrar l\u00e1<\/strong><\/p>\n<p>Diplomatas brasileiros leem os artigos sobre o tema com uma lupa a fim de buscar informa\u00e7\u00f5es que possam ajudar o governo brasileiro na busca dos cr\u00e9ditos de carbono definidos dentro do acordo de Paris, mas que ainda n\u00e3o foram regulamentados.<\/p>\n<figure id=\"attachment_4676\" aria-describedby=\"caption-attachment-4676\" style=\"width: 1200px\" class=\"wp-caption aligncenter\"><a href=\"https:\/\/blogs.correiobraziliense.com.br\/denise\/wp-content\/uploads\/sites\/12\/2019\/12\/ministro_educacao.jpg\"><img loading=\"lazy\" decoding=\"async\" class=\"size-full wp-image-4676\" src=\"https:\/\/blogs.correiobraziliense.com.br\/denise\/wp-content\/uploads\/sites\/12\/2019\/12\/ministro_educacao.jpg\" alt=\"\" width=\"1200\" height=\"650\" srcset=\"https:\/\/blogs.correiobraziliense.com.br\/denise\/wp-content\/uploads\/sites\/12\/2019\/12\/ministro_educacao.jpg 1200w, https:\/\/blogs.correiobraziliense.com.br\/denise\/wp-content\/uploads\/sites\/12\/2019\/12\/ministro_educacao-300x163.jpg 300w, https:\/\/blogs.correiobraziliense.com.br\/denise\/wp-content\/uploads\/sites\/12\/2019\/12\/ministro_educacao-768x416.jpg 768w, https:\/\/blogs.correiobraziliense.com.br\/denise\/wp-content\/uploads\/sites\/12\/2019\/12\/ministro_educacao-1024x555.jpg 1024w, https:\/\/blogs.correiobraziliense.com.br\/denise\/wp-content\/uploads\/sites\/12\/2019\/12\/ministro_educacao-350x190.jpg 350w, https:\/\/blogs.correiobraziliense.com.br\/denise\/wp-content\/uploads\/sites\/12\/2019\/12\/ministro_educacao-550x298.jpg 550w, https:\/\/blogs.correiobraziliense.com.br\/denise\/wp-content\/uploads\/sites\/12\/2019\/12\/ministro_educacao-230x125.jpg 230w\" sizes=\"auto, (max-width: 1200px) 100vw, 1200px\" \/><\/a><figcaption id=\"caption-attachment-4676\" class=\"wp-caption-text\">Credito : Fabio Rodrigues Pozzebom\/Ag\u00eancia Brasil &#8211; O ministro da Educa\u00e7\u00e3o Abraham Weintraub<\/figcaption><\/figure>\n<p><strong>Escreveu, n\u00e3o leu&#8230;<\/strong>\/ Pegou mal, na vis\u00e3o de assessores palacianos, o fato de o ministro da Educa\u00e7\u00e3o, <strong>Abraham Weintraub<\/strong>, ter compartilhado um tu\u00edte que chamava o presidente Jair Bolsonaro de traidor, por causa da san\u00e7\u00e3o de partes do pacote anticrime contra o que defende o ministro S\u00e9rgio Moro. Alguns acreditam que n\u00e3o \u00e9 caso para demiss\u00e3o, uma vez que o ministro se desculpou e apagou a postagem.<\/p>\n<p><strong>\u2026 gerou problema<\/strong>\/ Por\u00e9m, \u00e9 bom Weintraub ficar esperto: O governo sempre orienta os seus servidores e ocupantes de cargo de confian\u00e7a a tomar todo o cuidado com as postagens. \u00c9 preciso ler tudo com aten\u00e7\u00e3o antes de postar, em especial, em se tratando de um ministro de Estado.<\/p>\n<p><strong>Santo de casa<\/strong>\/ O fato de S\u00e9rgio Moro ter ficado entre os 50 mais influentes do mundo no ranking do Financial Times e a san\u00e7\u00e3o do juiz de garantias era motivo de piada, ontem, entre os parlamentares. Moro pode at\u00e9 influenciar o mundo, mas, Bolsonaro, est\u00e1 dif\u00edcil.<\/p>\n<p><strong>Feliz ano novo<\/strong>\/ Depois da virada de 2019 trabalhando na posse do presidente Jair Bolsonaro, vou esperar 2020 de chinelos \u00e0 beira-mar. Muita sa\u00fade, paz, amor e prosperidade para voc\u00ea e toda a fam\u00edlia por todos os dias do novo ano.<\/p>\n","protected":false},"excerpt":{"rendered":"<p>Se o governo n\u00e3o conseguir fazer a reforma administrativa, a ideia em estudo \u00e9 priorizar a contrata\u00e7\u00e3o de empregados p\u00fablicos em vez de servidores p\u00fablicos.<\/p>\n","protected":false},"author":29,"featured_media":4675,"comment_status":"closed","ping_status":"closed","sticky":false,"template":"","format":"standard","meta":{"footnotes":""},"categories":[4],"tags":[228,28,227,117,226,225,229],"class_list":["post-4674","post","type-post","status-publish","format-standard","has-post-thumbnail","hentry","category-coluna-brasilia-df","tag-abraham-weintraub","tag-bolsonaro","tag-meio-ambiente","tag-moro","tag-pacote-anticrime","tag-reforma-administrativa","tag-weintraub"],"_links":{"self":[{"href":"https:\/\/blogs.correiobraziliense.com.br\/denise\/wp-json\/wp\/v2\/posts\/4674","targetHints":{"allow":["GET"]}}],"collection":[{"href":"https:\/\/blogs.correiobraziliense.com.br\/denise\/wp-json\/wp\/v2\/posts"}],"about":[{"href":"https:\/\/blogs.correiobraziliense.com.br\/denise\/wp-json\/wp\/v2\/types\/post"}],"author":[{"embeddable":true,"href":"https:\/\/blogs.correiobraziliense.com.br\/denise\/wp-json\/wp\/v2\/users\/29"}],"replies":[{"embeddable":true,"href":"https:\/\/blogs.correiobraziliense.com.br\/denise\/wp-json\/wp\/v2\/comments?post=4674"}],"version-history":[{"count":1,"href":"https:\/\/blogs.correiobraziliense.com.br\/denise\/wp-json\/wp\/v2\/posts\/4674\/revisions"}],"predecessor-version":[{"id":4677,"href":"https:\/\/blogs.correiobraziliense.com.br\/denise\/wp-json\/wp\/v2\/posts\/4674\/revisions\/4677"}],"wp:featuredmedia":[{"embeddable":true,"href":"https:\/\/blogs.correiobraziliense.com.br\/denise\/wp-json\/wp\/v2\/media\/4675"}],"wp:attachment":[{"href":"https:\/\/blogs.correiobraziliense.com.br\/denise\/wp-json\/wp\/v2\/media?parent=4674"}],"wp:term":[{"taxonomy":"category","embeddable":true,"href":"https:\/\/blogs.correiobraziliense.com.br\/denise\/wp-json\/wp\/v2\/categories?post=4674"},{"taxonomy":"post_tag","embeddable":true,"href":"https:\/\/blogs.correiobraziliense.com.br\/denise\/wp-json\/wp\/v2\/tags?post=4674"}],"curies":[{"name":"wp","href":"https:\/\/api.w.org\/{rel}","templated":true}]}}