{"id":4664,"date":"2019-12-25T06:00:34","date_gmt":"2019-12-25T09:00:34","guid":{"rendered":"https:\/\/blogs.correiobraziliense.com.br\/denise\/?p=4664"},"modified":"2019-12-25T10:19:22","modified_gmt":"2019-12-25T13:19:22","slug":"governador-ibaneis-contra-elas-em-2022","status":"publish","type":"post","link":"https:\/\/blogs.correiobraziliense.com.br\/denise\/governador-ibaneis-contra-elas-em-2022\/","title":{"rendered":"Governador Ibaneis contra elas em 2022"},"content":{"rendered":"<h6><strong>Coluna Bras\u00edlia-DF<\/strong><\/h6>\n<p>O Distrito Federal n\u00e3o tem elei\u00e7\u00f5es em 2020 para balizar a disputa de 2022, mas os pol\u00edticos, assim mesmo, j\u00e1 fazem suas previs\u00f5es para o futuro. H\u00e1, por exemplo, entre os mais atentos observadores quem diga que o governador Ibaneis Rocha enfrentar\u00e1 um duo feminino: Fl\u00e1via Arruda (PP) e Paula Belmonte (Cidadania).<\/p>\n<p><strong>Ibaneis contra elas II\/<\/strong> O duo pode virar um trio contra o governador. No PT, h\u00e1 quem defenda o lan\u00e7amento da candidatura de \u00c9rika Kokay, uma vez que a tend\u00eancia \u00e9 ter uma disputa dominada por mulheres.<\/p>\n<p><strong>Ibaneis contra elas III\/<\/strong> As apostas nas grandes rodas pol\u00edticas s\u00e3o as de que, se o partido do presidente Jair Bolsonaro se consolidar, Ibaneis ter\u00e1 dificuldades numa reelei\u00e7\u00e3o,. Isso porque o presidente estar\u00e1 no palanque de quem for escolhido por Lu\u00eds Felipe Belmonte, advogado, terceiro na linha de comando do Alian\u00e7a pelo Brasil.<\/p>\n","protected":false},"excerpt":{"rendered":"<p>Coluna Bras\u00edlia-DF O Distrito Federal n\u00e3o tem elei\u00e7\u00f5es em 2020 para balizar a disputa de 2022, mas os pol\u00edticos, assim mesmo, j\u00e1 fazem suas previs\u00f5es para o futuro. H\u00e1, por exemplo, entre os mais atentos observadores quem diga que o governador Ibaneis Rocha enfrentar\u00e1 um duo feminino: Fl\u00e1via Arruda (PP) e Paula Belmonte (Cidadania). Ibaneis contra elas II\/ O duo [&hellip;]<\/p>\n","protected":false},"author":29,"featured_media":4669,"comment_status":"closed","ping_status":"closed","sticky":false,"template":"","format":"standard","meta":{"footnotes":""},"categories":[4],"tags":[],"class_list":["post-4664","post","type-post","status-publish","format-standard","has-post-thumbnail","hentry","category-coluna-brasilia-df"],"_links":{"self":[{"href":"https:\/\/blogs.correiobraziliense.com.br\/denise\/wp-json\/wp\/v2\/posts\/4664","targetHints":{"allow":["GET"]}}],"collection":[{"href":"https:\/\/blogs.correiobraziliense.com.br\/denise\/wp-json\/wp\/v2\/posts"}],"about":[{"href":"https:\/\/blogs.correiobraziliense.com.br\/denise\/wp-json\/wp\/v2\/types\/post"}],"author":[{"embeddable":true,"href":"https:\/\/blogs.correiobraziliense.com.br\/denise\/wp-json\/wp\/v2\/users\/29"}],"replies":[{"embeddable":true,"href":"https:\/\/blogs.correiobraziliense.com.br\/denise\/wp-json\/wp\/v2\/comments?post=4664"}],"version-history":[{"count":2,"href":"https:\/\/blogs.correiobraziliense.com.br\/denise\/wp-json\/wp\/v2\/posts\/4664\/revisions"}],"predecessor-version":[{"id":4671,"href":"https:\/\/blogs.correiobraziliense.com.br\/denise\/wp-json\/wp\/v2\/posts\/4664\/revisions\/4671"}],"wp:featuredmedia":[{"embeddable":true,"href":"https:\/\/blogs.correiobraziliense.com.br\/denise\/wp-json\/wp\/v2\/media\/4669"}],"wp:attachment":[{"href":"https:\/\/blogs.correiobraziliense.com.br\/denise\/wp-json\/wp\/v2\/media?parent=4664"}],"wp:term":[{"taxonomy":"category","embeddable":true,"href":"https:\/\/blogs.correiobraziliense.com.br\/denise\/wp-json\/wp\/v2\/categories?post=4664"},{"taxonomy":"post_tag","embeddable":true,"href":"https:\/\/blogs.correiobraziliense.com.br\/denise\/wp-json\/wp\/v2\/tags?post=4664"}],"curies":[{"name":"wp","href":"https:\/\/api.w.org\/{rel}","templated":true}]}}