{"id":4663,"date":"2019-12-25T06:00:28","date_gmt":"2019-12-25T09:00:28","guid":{"rendered":"https:\/\/blogs.correiobraziliense.com.br\/denise\/?p=4663"},"modified":"2019-12-25T12:44:29","modified_gmt":"2019-12-25T15:44:29","slug":"para-pf-assassinato-de-prefeito-de-cidade-do-ceara-foi-queima-de-arquivo","status":"publish","type":"post","link":"https:\/\/blogs.correiobraziliense.com.br\/denise\/para-pf-assassinato-de-prefeito-de-cidade-do-ceara-foi-queima-de-arquivo\/","title":{"rendered":"Para PF, assassinato de prefeito de cidade do Cear\u00e1 foi queima de arquivo"},"content":{"rendered":"<h6><strong>Coluna Bras\u00edlia-DF<\/strong><\/h6>\n<p>\u00c9 essa a tese dos policiais federais para o assassinato do prefeito de Granjeiro (CE), Jo\u00e3o Greg\u00f3rio Neto, ontem,<a href=\"https:\/\/www.correiobraziliense.com.br\/app\/noticia\/politica\/2019\/12\/24\/interna_politica,816345\/prefeito-de-granjeiro-cidade-do-interior-do-ceara-e-assassinado-a-ti.shtml\"> enquanto caminhava perto de sua casa<\/a>. Ele era acusado de fraude em licita\u00e7\u00f5es para constru\u00e7\u00e3o de escolas na regi\u00e3o do Cariri, apurada pela opera\u00e7\u00e3o Bricolagem, em novembro do ano passado. Na pol\u00edtica, h\u00e1 quem diga que ele amea\u00e7ava delatar todo o esquema de desvio de dinheiro. \u00c0 \u00e9poca, ningu\u00e9m foi preso.<\/p>\n<h2><strong>Lava-Jato estava certa<\/strong><\/h2>\n<p>Policiais e integrantes do Minist\u00e9rio P\u00fablico pretendem, agora, usar o caso do prefeito no n\u00edvel nacional. A inten\u00e7\u00e3o \u00e9 refor\u00e7ar a tese de que \u00e9 melhor prender e arrancar uma dela\u00e7\u00e3o capaz de desvendar todo o esquema, especialmente seus principais mandantes, do que deixar o sujeito solto, sob risco de vida.<\/p>\n<p>&nbsp;<\/p>\n","protected":false},"excerpt":{"rendered":"<p>Coluna Bras\u00edlia-DF \u00c9 essa a tese dos policiais federais para o assassinato do prefeito de Granjeiro (CE), Jo\u00e3o Greg\u00f3rio Neto, ontem, enquanto caminhava perto de sua casa. Ele era acusado de fraude em licita\u00e7\u00f5es para constru\u00e7\u00e3o de escolas na regi\u00e3o do Cariri, apurada pela opera\u00e7\u00e3o Bricolagem, em novembro do ano passado. Na pol\u00edtica, h\u00e1 quem diga que ele amea\u00e7ava delatar [&hellip;]<\/p>\n","protected":false},"author":29,"featured_media":4667,"comment_status":"closed","ping_status":"closed","sticky":false,"template":"","format":"standard","meta":{"footnotes":""},"categories":[4],"tags":[],"class_list":["post-4663","post","type-post","status-publish","format-standard","has-post-thumbnail","hentry","category-coluna-brasilia-df"],"_links":{"self":[{"href":"https:\/\/blogs.correiobraziliense.com.br\/denise\/wp-json\/wp\/v2\/posts\/4663","targetHints":{"allow":["GET"]}}],"collection":[{"href":"https:\/\/blogs.correiobraziliense.com.br\/denise\/wp-json\/wp\/v2\/posts"}],"about":[{"href":"https:\/\/blogs.correiobraziliense.com.br\/denise\/wp-json\/wp\/v2\/types\/post"}],"author":[{"embeddable":true,"href":"https:\/\/blogs.correiobraziliense.com.br\/denise\/wp-json\/wp\/v2\/users\/29"}],"replies":[{"embeddable":true,"href":"https:\/\/blogs.correiobraziliense.com.br\/denise\/wp-json\/wp\/v2\/comments?post=4663"}],"version-history":[{"count":3,"href":"https:\/\/blogs.correiobraziliense.com.br\/denise\/wp-json\/wp\/v2\/posts\/4663\/revisions"}],"predecessor-version":[{"id":4673,"href":"https:\/\/blogs.correiobraziliense.com.br\/denise\/wp-json\/wp\/v2\/posts\/4663\/revisions\/4673"}],"wp:featuredmedia":[{"embeddable":true,"href":"https:\/\/blogs.correiobraziliense.com.br\/denise\/wp-json\/wp\/v2\/media\/4667"}],"wp:attachment":[{"href":"https:\/\/blogs.correiobraziliense.com.br\/denise\/wp-json\/wp\/v2\/media?parent=4663"}],"wp:term":[{"taxonomy":"category","embeddable":true,"href":"https:\/\/blogs.correiobraziliense.com.br\/denise\/wp-json\/wp\/v2\/categories?post=4663"},{"taxonomy":"post_tag","embeddable":true,"href":"https:\/\/blogs.correiobraziliense.com.br\/denise\/wp-json\/wp\/v2\/tags?post=4663"}],"curies":[{"name":"wp","href":"https:\/\/api.w.org\/{rel}","templated":true}]}}