{"id":4662,"date":"2019-12-25T06:00:18","date_gmt":"2019-12-25T09:00:18","guid":{"rendered":"https:\/\/blogs.correiobraziliense.com.br\/denise\/?p=4662"},"modified":"2019-12-24T15:11:49","modified_gmt":"2019-12-24T18:11:49","slug":"judiciario-estara-em-evidencia-em-2020","status":"publish","type":"post","link":"https:\/\/blogs.correiobraziliense.com.br\/denise\/judiciario-estara-em-evidencia-em-2020\/","title":{"rendered":"Judici\u00e1rio estar\u00e1 em evid\u00eancia em 2020"},"content":{"rendered":"<h6><strong>Coluna Bras\u00edlia-DF<\/strong><\/h6>\n<p>\u00c0 primeira vista, o voto do ministro do Supremo Tribunal Federal Lu\u00eds Roberto Barroso sobre a reintegra\u00e7\u00e3o dos conselheiros do Conanda (Conselho Nacional dos Direitos da Crian\u00e7a e do Adolescente) foi visto como um recado claro ao governo sobre o que n\u00e3o ser\u00e1 tolerado. Para os pol\u00edticos amantes da democracia, a leitura foi a de que ainda h\u00e1 meios de n\u00e3o deixar o pa\u00eds completamente \u00e0 merc\u00ea da vontade soberana do presidente da Rep\u00fablica.<\/p>\n<p>Por isso, para 2020, os congressistas apostam que o STF ser\u00e1 muito mais demandado. Inclusive as reformas que saem do Congresso ser\u00e3o objeto de uma chuva de a\u00e7\u00f5es. Dos tr\u00eas Poderes, os pol\u00edticos acreditam que o Judici\u00e1rio \u00e9 o que estar\u00e1 mais em evid\u00eancia.<\/p>\n<h2>\n<strong>Tr\u00edade<\/strong><\/h2>\n<p>Dos tr\u00eas filhos do presidente que j\u00e1 deram problema ao longo desse primeiro ano de mandato, Fl\u00e1vio \u00e9 o que acaba 2019 em pior situa\u00e7\u00e3o. A diferen\u00e7a de valores que ele disse ter retirado da loja de chocolates (R$793,4 mil) e o que a empresa declarou ter pago \u00e0 Receita Federal (R$ 435,6 mi), no mesmo per\u00edodo, \u00e9 considerado o maior problema porque refor\u00e7a a suspeita dos investigadores sobre lavagem de dinheiro.<\/p>\n<h2>\n<strong>Sereno para quem?<\/strong><\/h2>\n<p>A previs\u00e3o de um 2020 mais sereno feita pelo ministro da Secretaria de Governo, Luiz Eduardo Ramos, ao jornalista Rodolfo Costa, do Correio, \u00e9 vista como &#8220;terreno na lua&#8221;. N\u00e3o h\u00e1 como ter tranquilidade com Fl\u00e1vio Bolsonaro sob investiga\u00e7\u00e3o, Eduardo respondendo ao Conselho de \u00c9tica da C\u00e2mara e elei\u00e7\u00e3o municipal na roda.<\/p>\n<h2>\n<strong>Indulto &amp; excludente<\/strong><\/h2>\n<p>O indulto do presidente Jair Bolsonaro a policiais \u00e9 visto como o cumprimento do excludente de ilicitude que o Congresso ainda n\u00e3o aprovou e ter\u00e1 dificuldades em votar.<\/p>\n<h2>\n<em><strong>Curtidas<\/strong><\/em><\/h2>\n<p>Enquanto isso, em S\u00e3o Paulo&#8230;\/ Em 2013, o ent\u00e3o ministro da Sa\u00fade, Alexandre Padilha, era aclamado em S\u00e3o Paulo como poss\u00edvel candidato a governador em 2014. O tempo passou e hoje o deputado Padilha est\u00e1 embolado numa pr\u00e9-candidatura a prefeito, em que h\u00e1 mais quatro interessados.<\/p>\n","protected":false},"excerpt":{"rendered":"<p>Coluna Bras\u00edlia-DF \u00c0 primeira vista, o voto do ministro do Supremo Tribunal Federal Lu\u00eds Roberto Barroso sobre a reintegra\u00e7\u00e3o dos conselheiros do Conanda (Conselho Nacional dos Direitos da Crian\u00e7a e do Adolescente) foi visto como um recado claro ao governo sobre o que n\u00e3o ser\u00e1 tolerado. Para os pol\u00edticos amantes da democracia, a leitura foi a de que ainda h\u00e1 [&hellip;]<\/p>\n","protected":false},"author":29,"featured_media":4665,"comment_status":"closed","ping_status":"closed","sticky":false,"template":"","format":"standard","meta":{"footnotes":""},"categories":[4],"tags":[],"class_list":["post-4662","post","type-post","status-publish","format-standard","has-post-thumbnail","hentry","category-coluna-brasilia-df"],"_links":{"self":[{"href":"https:\/\/blogs.correiobraziliense.com.br\/denise\/wp-json\/wp\/v2\/posts\/4662","targetHints":{"allow":["GET"]}}],"collection":[{"href":"https:\/\/blogs.correiobraziliense.com.br\/denise\/wp-json\/wp\/v2\/posts"}],"about":[{"href":"https:\/\/blogs.correiobraziliense.com.br\/denise\/wp-json\/wp\/v2\/types\/post"}],"author":[{"embeddable":true,"href":"https:\/\/blogs.correiobraziliense.com.br\/denise\/wp-json\/wp\/v2\/users\/29"}],"replies":[{"embeddable":true,"href":"https:\/\/blogs.correiobraziliense.com.br\/denise\/wp-json\/wp\/v2\/comments?post=4662"}],"version-history":[{"count":1,"href":"https:\/\/blogs.correiobraziliense.com.br\/denise\/wp-json\/wp\/v2\/posts\/4662\/revisions"}],"predecessor-version":[{"id":4666,"href":"https:\/\/blogs.correiobraziliense.com.br\/denise\/wp-json\/wp\/v2\/posts\/4662\/revisions\/4666"}],"wp:featuredmedia":[{"embeddable":true,"href":"https:\/\/blogs.correiobraziliense.com.br\/denise\/wp-json\/wp\/v2\/media\/4665"}],"wp:attachment":[{"href":"https:\/\/blogs.correiobraziliense.com.br\/denise\/wp-json\/wp\/v2\/media?parent=4662"}],"wp:term":[{"taxonomy":"category","embeddable":true,"href":"https:\/\/blogs.correiobraziliense.com.br\/denise\/wp-json\/wp\/v2\/categories?post=4662"},{"taxonomy":"post_tag","embeddable":true,"href":"https:\/\/blogs.correiobraziliense.com.br\/denise\/wp-json\/wp\/v2\/tags?post=4662"}],"curies":[{"name":"wp","href":"https:\/\/api.w.org\/{rel}","templated":true}]}}