{"id":4657,"date":"2019-12-24T14:36:07","date_gmt":"2019-12-24T17:36:07","guid":{"rendered":"https:\/\/blogs.correiobraziliense.com.br\/denise\/?p=4657"},"modified":"2019-12-24T14:36:07","modified_gmt":"2019-12-24T17:36:07","slug":"filha-de-jk-critica-museu-da-biblia-estao-descaracterizando-brasilia","status":"publish","type":"post","link":"https:\/\/blogs.correiobraziliense.com.br\/denise\/filha-de-jk-critica-museu-da-biblia-estao-descaracterizando-brasilia\/","title":{"rendered":"Filha de JK cr\u00edtica Museu da B\u00edblia: &#8220;Est\u00e3o descaracterizando Bras\u00edlia&#8221;"},"content":{"rendered":"<h6><strong>Coluna Bras\u00edlia-DF<\/strong><\/h6>\n<p><strong>\u201cGen\u00e9rico do Oscar\u201d\/<\/strong> O Museu da B\u00edblia est\u00e1 entre o c\u00e9u o inferno. Informada do projeto, a arquiteta Maria Estela Kubitschek (foto), filha de JK, n\u00e3o poupou cr\u00edticas. \u201cEst\u00e3o descaracterizando Bras\u00edlia com dois detalhes fundamentais para a preserva\u00e7\u00e3o da cidade e plantando gen\u00e9ricos dos projetos de Oscar Niemeyer\u201d, criticou.<\/p>\n<p><strong>Aut\u00eanticos de Oscar\/<\/strong> O arquiteto da cidade, que faleceu em 5 de dezembro de 2012, deixou dois projetos para completar sua obra na capital da Rep\u00fablica que j\u00e1 foram inclusive pagos, falta apenas executar: O samb\u00f3dromo e a Pra\u00e7a do Povo. A pra\u00e7a deve ocupar a \u00e1rea entre o Teatro Nacional e o acesso de quem vem da L2 Norte para Eixo Monumental.<\/p>\n<p><strong>Por falar em Eixo Monumental&#8230;\/<\/strong> Est\u00e3o adensando o Eixo Monumental de Bras\u00edlia, que come\u00e7a na Esplanada dos Minist\u00e9rios e vai at\u00e9 a Rodoferrovi\u00e1ria. J\u00e1 tem centro de conven\u00e7\u00f5es, que n\u00e3o estava previsto, Museu de Athos Bulc\u00e3o, vem ainda Memorial Jo\u00e3o Goulart e agora\u2026 Museu da B\u00edblia. H\u00e1, nos bastidores da pol\u00edtica, quem compare Oscar Niemeyer a uma \u00e1rvore natalina, \u00e0 qual, invariavelmente, integrantes da fam\u00edlia recorrem para buscar um presente.<\/p>\n<p><strong>\u2026 preservar \u00e9 preciso\/<\/strong> A monumentalidade de Bras\u00edlia est\u00e1 em seus espa\u00e7os vazios e \u00e1reas verdes. A\u00ed est\u00e1 um dos desafios para o novo secret\u00e1rio de Cultura, Bartolomeu Rodrigues.<\/p>\n","protected":false},"excerpt":{"rendered":"<p>Coluna Bras\u00edlia-DF \u201cGen\u00e9rico do Oscar\u201d\/ O Museu da B\u00edblia est\u00e1 entre o c\u00e9u o inferno. Informada do projeto, a arquiteta Maria Estela Kubitschek (foto), filha de JK, n\u00e3o poupou cr\u00edticas. \u201cEst\u00e3o descaracterizando Bras\u00edlia com dois detalhes fundamentais para a preserva\u00e7\u00e3o da cidade e plantando gen\u00e9ricos dos projetos de Oscar Niemeyer\u201d, criticou. Aut\u00eanticos de Oscar\/ O arquiteto da cidade, que faleceu [&hellip;]<\/p>\n","protected":false},"author":29,"featured_media":4660,"comment_status":"closed","ping_status":"closed","sticky":false,"template":"","format":"standard","meta":{"footnotes":""},"categories":[4],"tags":[224,216,223],"class_list":["post-4657","post","type-post","status-publish","format-standard","has-post-thumbnail","hentry","category-coluna-brasilia-df","tag-jk","tag-maria-estela-kubitschek","tag-museu-da-biblia"],"_links":{"self":[{"href":"https:\/\/blogs.correiobraziliense.com.br\/denise\/wp-json\/wp\/v2\/posts\/4657","targetHints":{"allow":["GET"]}}],"collection":[{"href":"https:\/\/blogs.correiobraziliense.com.br\/denise\/wp-json\/wp\/v2\/posts"}],"about":[{"href":"https:\/\/blogs.correiobraziliense.com.br\/denise\/wp-json\/wp\/v2\/types\/post"}],"author":[{"embeddable":true,"href":"https:\/\/blogs.correiobraziliense.com.br\/denise\/wp-json\/wp\/v2\/users\/29"}],"replies":[{"embeddable":true,"href":"https:\/\/blogs.correiobraziliense.com.br\/denise\/wp-json\/wp\/v2\/comments?post=4657"}],"version-history":[{"count":1,"href":"https:\/\/blogs.correiobraziliense.com.br\/denise\/wp-json\/wp\/v2\/posts\/4657\/revisions"}],"predecessor-version":[{"id":4661,"href":"https:\/\/blogs.correiobraziliense.com.br\/denise\/wp-json\/wp\/v2\/posts\/4657\/revisions\/4661"}],"wp:featuredmedia":[{"embeddable":true,"href":"https:\/\/blogs.correiobraziliense.com.br\/denise\/wp-json\/wp\/v2\/media\/4660"}],"wp:attachment":[{"href":"https:\/\/blogs.correiobraziliense.com.br\/denise\/wp-json\/wp\/v2\/media?parent=4657"}],"wp:term":[{"taxonomy":"category","embeddable":true,"href":"https:\/\/blogs.correiobraziliense.com.br\/denise\/wp-json\/wp\/v2\/categories?post=4657"},{"taxonomy":"post_tag","embeddable":true,"href":"https:\/\/blogs.correiobraziliense.com.br\/denise\/wp-json\/wp\/v2\/tags?post=4657"}],"curies":[{"name":"wp","href":"https:\/\/api.w.org\/{rel}","templated":true}]}}