{"id":4656,"date":"2019-12-24T14:32:29","date_gmt":"2019-12-24T17:32:29","guid":{"rendered":"https:\/\/blogs.correiobraziliense.com.br\/denise\/?p=4656"},"modified":"2019-12-24T14:32:29","modified_gmt":"2019-12-24T17:32:29","slug":"servidores-publicos-sao-os-proximos-alvos-do-governo-em-corte-de-gastos","status":"publish","type":"post","link":"https:\/\/blogs.correiobraziliense.com.br\/denise\/servidores-publicos-sao-os-proximos-alvos-do-governo-em-corte-de-gastos\/","title":{"rendered":"Servidores p\u00fablicos s\u00e3o os pr\u00f3ximos alvos do governo em corte de gastos"},"content":{"rendered":"<h6><strong>Coluna Bras\u00edlia-DF<\/strong><\/h6>\n<p>Que tribut\u00e1ria, que nada. No rastro da reforma da Previd\u00eancia e dos decretos de extin\u00e7\u00e3o e congelamento de cargos de ontem, o governo apostar\u00e1 em 2020 na reforma administrativa. \u00c9 que, depois da Previd\u00eancia, a despesa que mais cresce \u00e9 a de pessoal. Descontada a infla\u00e7\u00e3o, aumentou R$ 263 bilh\u00f5es nos \u00faltimos 12 anos, conforme estudo divulgado nesta semana pela Institui\u00e7\u00e3o Fiscal Independente (IFI). O documento mostra, ainda, que, se os vencimentos e vantagens recebidos pelos agentes p\u00fablicos de 2013 a 2018 tivessem seguido a mesma taxa de varia\u00e7\u00e3o do setor privado formal, o valor teria sido R$ 32 bilh\u00f5es menor. \u00c9 a\u00ed que a \u00e1rea econ\u00f4mica pretende avan\u00e7ar em 2020.<\/p>\n<p>Falta combinar com os congressistas, mais embalados na reforma tribut\u00e1ria do que na administrativa. \u00c9 que, em ano eleitoral, as excel\u00eancias preferem dar boa not\u00edcia para o contribuinte, nem que seja a pura e simples simplifica\u00e7\u00e3o dos impostos, do que mexer com servidor p\u00fablico, que j\u00e1 perder\u00e1 com a reforma da Previd\u00eancia.<\/p>\n<h2>\n<strong>Excludente e trabalho<\/strong><\/h2>\n<p>H\u00e1 pelo menos dois projetos do governo que ter\u00e3o dificuldades de aprova\u00e7\u00e3o no Parlamento, em 2020: o excludente de licitude e a carteira de trabalho verde e amarela. \u00c9 que, em ano eleitoral, dizem os deputados, n\u00e3o d\u00e1 para cortar direitos dos trabalhadores. Seria dar discurso ao PT e aos sindicatos.<\/p>\n<h2>\n<strong>Sem folga<\/strong><\/h2>\n<p>A c\u00fapula do Alian\u00e7a pelo Brasil comemorou mais de 130 mil assinaturas coletadas em apenas tr\u00eas dias. Do total, 70 mil j\u00e1 est\u00e3o com as fichas encaminhadas e firmas reconhecidas, prontas para serem enviadas para os sistemas dos cart\u00f3rios eleitorais. Nesse ritmo, diz o segundo vice-presidente, Luiz Felipe Belmonte, ser\u00e1 poss\u00edvel chegar a mais de 800 mil assinaturas at\u00e9 o fim de janeiro de 2020. A coleta de assinaturas n\u00e3o parar\u00e1 nesse per\u00edodo de festas.<\/p>\n<h2>\n<strong>P\u00fablico feminino<\/strong><\/h2>\n<p>A deputada Bia Kicis passou o domingo nas redes sociais, pedindo engajamento das mulheres para a cria\u00e7\u00e3o do novo partido do presidente Jair Bolsonaro, o Alian\u00e7a Pelo Brasil. \u201cOs homens s\u00e3o 70% e as mulheres, 30%. Vamos l\u00e1 mulherada!\u201d, apelou. Ela explicou, inclusive, que n\u00e3o se tratava de filia\u00e7\u00e3o, apenas de apoio para a legenda existir.<\/p>\n<h2>\n<strong>Para bons entendedores\u2026<\/strong><\/h2>\n<p>A loja de chocolates de Fl\u00e1vio Bolsonaro virou alvo de curiosos e de advers\u00e1rios da fam\u00edlia. Nesta semana, o deputado Alexandre Frota (PSDB-SP) explorou a loja em um v\u00eddeo que exibiu em suas redes sociais. Perguntou qual chocolate ali custava R$ 21 mil, pesquisou os produtos mais caros (na faixa de R$ 200) e, no meio da visita, saiu-se com esta: \u201cIh, olha o que eu achei! Chocolate com laranja\u201d<\/p>\n","protected":false},"excerpt":{"rendered":"<p>Coluna Bras\u00edlia-DF Que tribut\u00e1ria, que nada. No rastro da reforma da Previd\u00eancia e dos decretos de extin\u00e7\u00e3o e congelamento de cargos de ontem, o governo apostar\u00e1 em 2020 na reforma administrativa. \u00c9 que, depois da Previd\u00eancia, a despesa que mais cresce \u00e9 a de pessoal. Descontada a infla\u00e7\u00e3o, aumentou R$ 263 bilh\u00f5es nos \u00faltimos 12 anos, conforme estudo divulgado nesta [&hellip;]<\/p>\n","protected":false},"author":29,"featured_media":4658,"comment_status":"closed","ping_status":"closed","sticky":false,"template":"","format":"standard","meta":{"footnotes":""},"categories":[4],"tags":[],"class_list":["post-4656","post","type-post","status-publish","format-standard","has-post-thumbnail","hentry","category-coluna-brasilia-df"],"_links":{"self":[{"href":"https:\/\/blogs.correiobraziliense.com.br\/denise\/wp-json\/wp\/v2\/posts\/4656","targetHints":{"allow":["GET"]}}],"collection":[{"href":"https:\/\/blogs.correiobraziliense.com.br\/denise\/wp-json\/wp\/v2\/posts"}],"about":[{"href":"https:\/\/blogs.correiobraziliense.com.br\/denise\/wp-json\/wp\/v2\/types\/post"}],"author":[{"embeddable":true,"href":"https:\/\/blogs.correiobraziliense.com.br\/denise\/wp-json\/wp\/v2\/users\/29"}],"replies":[{"embeddable":true,"href":"https:\/\/blogs.correiobraziliense.com.br\/denise\/wp-json\/wp\/v2\/comments?post=4656"}],"version-history":[{"count":1,"href":"https:\/\/blogs.correiobraziliense.com.br\/denise\/wp-json\/wp\/v2\/posts\/4656\/revisions"}],"predecessor-version":[{"id":4659,"href":"https:\/\/blogs.correiobraziliense.com.br\/denise\/wp-json\/wp\/v2\/posts\/4656\/revisions\/4659"}],"wp:featuredmedia":[{"embeddable":true,"href":"https:\/\/blogs.correiobraziliense.com.br\/denise\/wp-json\/wp\/v2\/media\/4658"}],"wp:attachment":[{"href":"https:\/\/blogs.correiobraziliense.com.br\/denise\/wp-json\/wp\/v2\/media?parent=4656"}],"wp:term":[{"taxonomy":"category","embeddable":true,"href":"https:\/\/blogs.correiobraziliense.com.br\/denise\/wp-json\/wp\/v2\/categories?post=4656"},{"taxonomy":"post_tag","embeddable":true,"href":"https:\/\/blogs.correiobraziliense.com.br\/denise\/wp-json\/wp\/v2\/tags?post=4656"}],"curies":[{"name":"wp","href":"https:\/\/api.w.org\/{rel}","templated":true}]}}