{"id":4654,"date":"2019-12-22T14:38:56","date_gmt":"2019-12-22T17:38:56","guid":{"rendered":"https:\/\/blogs.correiobraziliense.com.br\/denise\/?p=4654"},"modified":"2019-12-22T14:38:56","modified_gmt":"2019-12-22T17:38:56","slug":"membros-do-governo-vao-cobrar-do-mp-mesmo-rigor-com-deputados-da-esquerda","status":"publish","type":"post","link":"https:\/\/blogs.correiobraziliense.com.br\/denise\/membros-do-governo-vao-cobrar-do-mp-mesmo-rigor-com-deputados-da-esquerda\/","title":{"rendered":"Membros do governo v\u00e3o cobrar do MP mesmo rigor com deputados da esquerda"},"content":{"rendered":"<h6><strong>Coluna Bras\u00edlia-DF<\/strong><\/h6>\n<p>Com a crise dentro de casa, o governo se prepara para tentar diluir o amargo desse lim\u00e3o. A ideia \u00e9 colocar sob os holofotes o fato de o caso das rachadinhas no Rio envolver v\u00e1rios deputados estaduais da \u00e9poca, mas os vazamentos ficarem restritos ao senador Fl\u00e1vio Bolsonaro. Os aliados do presidente v\u00e3o cobrar do Minist\u00e9rio P\u00fablico que tenha o mesmo rigor com os representantes dos partidos de esquerda.<\/p>\n<p>Da parte da oposi\u00e7\u00e3o, a ordem \u00e9 massificar a exposi\u00e7\u00e3o negativa do filho do presidente. E, de quebra, vender essa briga entre Bolsonaro e o governador do Rio, Wilson Witzel, como uma guerra pelo poder de apadrinhar politicamente as pol\u00edcias do Rio e, de quebra, as mil\u00edcias.<\/p>\n<h2>\n<strong>O que une Bolsonaro e o PT<\/strong><\/h2>\n<p>A vontade de impor algum controle sobre o Minist\u00e9rio P\u00fablico. Em 2018, o ex-ministro Jos\u00e9 Dirceu j\u00e1 defendia n\u00e3o apenas um controle, mas ia muito al\u00e9m, ao pregar o fim do poder de investiga\u00e7\u00e3o do MP, deixando essa fun\u00e7\u00e3o a cargo da Pol\u00edcia Federal e da Pol\u00edcia Civil.<\/p>\n<h2>\n<strong>Weintraub fica<\/strong><\/h2>\n<p>A contar pelos elogios do presidente ao ministro da Educa\u00e7\u00e3o, Abraham Weintraub, em conversa com jornalistas, n\u00e3o tem reforma ministerial. A n\u00e3o ser, \u00f3bvio, se houver algum fato novo. At\u00e9 os tu\u00edtes do ministro em um parque tem\u00e1tico em Orlando, com as m\u00e3os e a cabe\u00e7a presas, foi motivo de boas risadas no Planalto.<\/p>\n<h2>\n<strong>Emendas, a pr\u00f3xima fronteira<\/strong><\/h2>\n<p>Deputados come\u00e7am a ficar preocupados, com receio de que o afastamento do deputado Wilson Santiago do mandato por suspeita de desvio de recursos n\u00e3o seja um fato isolado. Em ano de elei\u00e7\u00e3o municipal, uma lupa nas emendas \u00e9 tudo o que os deputados n\u00e3o querem.<\/p>\n<blockquote><p>\n<em>\u201cPrefiro problemas com cinco ou seis frases do que crise institucional, infla\u00e7\u00e3o alta, inseguran\u00e7a\u201d<\/em><\/p><\/blockquote>\n<p style=\"text-align: right\"><strong>Do l\u00edder do governo no Congresso, Eduardo Gomes (MDB-TO), referindo-se \u00e0s frases pol\u00eamicas de Bolsonaro ao longo do ano.<\/strong><\/p>\n<p><strong>Fa\u00e7am como 02\/<\/strong> Em conversas reservadas, os aliados de Bolsonaro dizem que Eduardo e Fl\u00e1vio deveriam seguir o exemplo do vereador Carlos Bolsonaro (foto) e sair de cena. Quem diria que o mais pol\u00eamico fosse agora a refer\u00eancia. Coisas da vida.<\/p>\n<p><strong>Fiquem por aqui!\/<\/strong> A conversa do presidente Jair Bolsonaro ontem com jornalistas de plant\u00e3o na porta do Pal\u00e1cio da Alvorada veio sob encomenda para evitar que as reda\u00e7\u00f5es acabassem com a empreitada di\u00e1ria na frente da resid\u00eancia oficial. \u00c9 que, desde a forma r\u00edspida como os rep\u00f3rteres foram tratados h\u00e1 alguns dias, com o presidente inclusive mandando um deles ficar \u201cquieto\u201d, o fim dos plant\u00f5es entrou em debate.<\/p>\n<p><strong>Fiquem por aqui II\/<\/strong> Bolsonaro, dizem alguns de seus aliados, precisa da imprensa por ali at\u00e9 para atrair mais apoiadores para a porta do Alvorada. Muitos chegam por ali mais para fazer o contraponto entre o presidente e a imprensa e, de quebra, aparecer nos jornais, telejornais e sites de not\u00edcias mais importantes do pa\u00eds. Alguns, inclusive, procuram o jornal nas bancas no dia seguinte para ter o registro hist\u00f3rico em papel.<\/p>\n","protected":false},"excerpt":{"rendered":"<p>Coluna Bras\u00edlia-DF Com a crise dentro de casa, o governo se prepara para tentar diluir o amargo desse lim\u00e3o. A ideia \u00e9 colocar sob os holofotes o fato de o caso das rachadinhas no Rio envolver v\u00e1rios deputados estaduais da \u00e9poca, mas os vazamentos ficarem restritos ao senador Fl\u00e1vio Bolsonaro. Os aliados do presidente v\u00e3o cobrar do Minist\u00e9rio P\u00fablico que [&hellip;]<\/p>\n","protected":false},"author":29,"featured_media":0,"comment_status":"closed","ping_status":"closed","sticky":false,"template":"","format":"standard","meta":{"footnotes":""},"categories":[4],"tags":[],"class_list":["post-4654","post","type-post","status-publish","format-standard","hentry","category-coluna-brasilia-df"],"_links":{"self":[{"href":"https:\/\/blogs.correiobraziliense.com.br\/denise\/wp-json\/wp\/v2\/posts\/4654","targetHints":{"allow":["GET"]}}],"collection":[{"href":"https:\/\/blogs.correiobraziliense.com.br\/denise\/wp-json\/wp\/v2\/posts"}],"about":[{"href":"https:\/\/blogs.correiobraziliense.com.br\/denise\/wp-json\/wp\/v2\/types\/post"}],"author":[{"embeddable":true,"href":"https:\/\/blogs.correiobraziliense.com.br\/denise\/wp-json\/wp\/v2\/users\/29"}],"replies":[{"embeddable":true,"href":"https:\/\/blogs.correiobraziliense.com.br\/denise\/wp-json\/wp\/v2\/comments?post=4654"}],"version-history":[{"count":1,"href":"https:\/\/blogs.correiobraziliense.com.br\/denise\/wp-json\/wp\/v2\/posts\/4654\/revisions"}],"predecessor-version":[{"id":4655,"href":"https:\/\/blogs.correiobraziliense.com.br\/denise\/wp-json\/wp\/v2\/posts\/4654\/revisions\/4655"}],"wp:attachment":[{"href":"https:\/\/blogs.correiobraziliense.com.br\/denise\/wp-json\/wp\/v2\/media?parent=4654"}],"wp:term":[{"taxonomy":"category","embeddable":true,"href":"https:\/\/blogs.correiobraziliense.com.br\/denise\/wp-json\/wp\/v2\/categories?post=4654"},{"taxonomy":"post_tag","embeddable":true,"href":"https:\/\/blogs.correiobraziliense.com.br\/denise\/wp-json\/wp\/v2\/tags?post=4654"}],"curies":[{"name":"wp","href":"https:\/\/api.w.org\/{rel}","templated":true}]}}