{"id":4651,"date":"2019-12-20T11:15:19","date_gmt":"2019-12-20T14:15:19","guid":{"rendered":"https:\/\/blogs.correiobraziliense.com.br\/denise\/?p=4651"},"modified":"2019-12-20T11:15:19","modified_gmt":"2019-12-20T14:15:19","slug":"comissao-de-reforma-tributaria-periga-gerar-mais-problemas","status":"publish","type":"post","link":"https:\/\/blogs.correiobraziliense.com.br\/denise\/comissao-de-reforma-tributaria-periga-gerar-mais-problemas\/","title":{"rendered":"Comiss\u00e3o de reforma tribut\u00e1ria periga gerar mais problemas"},"content":{"rendered":"<h6><strong>Coluna Bras\u00edlia-DF<\/strong><\/h6>\n<p>A comiss\u00e3o de 30 parlamentares que o presidente da C\u00e2mara, Rodrigo Maia, e o do Senado, Davi Alcolumbre, pretendem criar para fechar um texto de reforma tribut\u00e1ria periga gerar mais problemas do que solu\u00e7\u00e3o. Primeiro, 24 partidos est\u00e3o representados na C\u00e2mara, e o colegiado ter\u00e1 apenas 15 deputados e 15 senadores.<\/p>\n<p>Portanto, nove partidos ficar\u00e3o de fora. Para completar, a proporcionalidade \u00e9 vista como outro entrave, porque s\u00e3o 81 senadores e 513 deputados, mas a composi\u00e7\u00e3o est\u00e1 meio a meio e quem tem mais deputados n\u00e3o tem direito a mais vagas.<\/p>\n<p>\u00bb \u00bb \u00bb<\/p>\n<p>Esses temas come\u00e7am a ser discutidos entre os parlamentares. E, pelo andar da carruagem, as excel\u00eancias colocam tantos entraves a esse tipo de comiss\u00e3o \u2014 que n\u00e3o faz parte do rito legal de uma emenda constitucional \u2014 que arrisca chegar o carnaval sem uma defini\u00e7\u00e3o do projeto. H\u00e1 quem diga que, ou os dois presidentes ajeitam tudo na primeira semana de janeiro, ou \u00e9 melhor esquecer.<\/p>\n<h2>\n<strong>Quem avisa\u2026<\/strong><\/h2>\n<p>A leitura dos deputados sobre a possibilidade de veto pelo presidente Jair Bolsonaro ao fundo eleitoral \u00e9 a de que o capit\u00e3o estava jogando para plateia a fim de conquistar simpatia da popula\u00e7\u00e3o e enlamear o Congresso. Afinal, lembram os deputados, foi com esse distanciamento da pol\u00edtica que Bolsonaro venceu a elei\u00e7\u00e3o presidencial.<\/p>\n<h2>\n<strong>\u2026 Amigo \u00e9<\/strong><\/h2>\n<p>S\u00f3 tem um probleminha: governar requer uma rela\u00e7\u00e3o mais amistosa com o parlamento. E, alertam as excel\u00eancias, quem tem filho senador na berlinda e foco de uma investiga\u00e7\u00e3o precisa mais ainda dessa ponte com o Congresso. Nessa cena, qualquer semelhan\u00e7a com o caso de Fl\u00e1vio Bolsonaro (sem partido-RJ) n\u00e3o \u00e9 mera coincid\u00eancia.<\/p>\n<h2><strong>Sem ICMS n\u00e3o vai<\/strong><\/h2>\n<p>Presidente da comiss\u00e3o especial da reforma tribut\u00e1ria na C\u00e2mara, o deputado Hildo Rocha (MDB-MA) alerta que h\u00e1 praticamente consenso na Casa a respeito da necessidade de reformar o ICMS, que, no momento, est\u00e1 fora do radar do ministro da Economia, Paulo Guedes, que deseja apenas o IVA federal. \u201cForam 446 mil processos judiciais envolvendo o ICMS. Esse \u00e9 o novo principal foco da reforma\u201d, diz ele.<\/p>\n<h2><strong>Incomodou e muito<\/strong><\/h2>\n<p>O que mais irritou o PSB foi o fato de o ex-governador da Para\u00edba e atual presidente da Funda\u00e7\u00e3o Jo\u00e3o Mangabeira, Ricardo Coutinho, n\u00e3o ter dado um telefonema sequer ao presidente do partido, Carlos Siqueira, a fim de se explicar. Coutinho n\u00e3o deu um elemento ao partido para que algu\u00e9m possa dizer se ele \u00e9 culpado ou inocente das den\u00fancias de cobran\u00e7a de propina na \u00e1rea de sa\u00fade. O constrangimento \u00e9 geral. Se brincar, Papai Noel chegar\u00e1 antes das explica\u00e7\u00f5es do paraibano.<\/p>\n<p><strong>Papai Noel\/<\/strong> A sala de espera do ministro da Secretaria de Governo, Luiz Eduardo Ramos, continua lotada. S\u00e3o os deputados que esperam o milagre da libera\u00e7\u00e3o das emendas ainda este ano, para n\u00e3o terminar inscritos nos restos a pagar.<\/p>\n<p><strong>Feir\u00e3o de usados\/<\/strong> Em busca de dinheiro para as bases, deputados novos pedem aos ministros que liberem as emendas de quem n\u00e3o se reelegeu. O argumento \u00e9 o de que a popula\u00e7\u00e3o n\u00e3o pode ser prejudicada, mas, na verdade, as excel\u00eancias querem mesmo \u00e9 mostrar aos prefeitos que t\u00eam poder no governo federal.<\/p>\n<p><strong>Ironia pura\/<\/strong> O l\u00edder do MDB no Senado, Eduardo Braga (AM), brincou quando algu\u00e9m lhe perguntou sobre o futuro da Alian\u00e7a pelo Brasil, nova legenda do presidente Jair Bolsonaro: \u201cJ\u00e1 \u00e9 partido?\u201d<\/p>\n<p><strong>Crise, que crise?\/<\/strong> Quem passou pelo aeroporto de Bras\u00edlia ontem pela manh\u00e3 ficou boquiaberto com o movimento. Filas imensas para as m\u00e1quinas de raios X e praticamente todos os voos lotados.<\/p>\n","protected":false},"excerpt":{"rendered":"<p>Coluna Bras\u00edlia-DF A comiss\u00e3o de 30 parlamentares que o presidente da C\u00e2mara, Rodrigo Maia, e o do Senado, Davi Alcolumbre, pretendem criar para fechar um texto de reforma tribut\u00e1ria periga gerar mais problemas do que solu\u00e7\u00e3o. Primeiro, 24 partidos est\u00e3o representados na C\u00e2mara, e o colegiado ter\u00e1 apenas 15 deputados e 15 senadores. Portanto, nove partidos ficar\u00e3o de fora. Para [&hellip;]<\/p>\n","protected":false},"author":29,"featured_media":4652,"comment_status":"closed","ping_status":"closed","sticky":false,"template":"","format":"standard","meta":{"footnotes":""},"categories":[4],"tags":[],"class_list":["post-4651","post","type-post","status-publish","format-standard","has-post-thumbnail","hentry","category-coluna-brasilia-df"],"_links":{"self":[{"href":"https:\/\/blogs.correiobraziliense.com.br\/denise\/wp-json\/wp\/v2\/posts\/4651","targetHints":{"allow":["GET"]}}],"collection":[{"href":"https:\/\/blogs.correiobraziliense.com.br\/denise\/wp-json\/wp\/v2\/posts"}],"about":[{"href":"https:\/\/blogs.correiobraziliense.com.br\/denise\/wp-json\/wp\/v2\/types\/post"}],"author":[{"embeddable":true,"href":"https:\/\/blogs.correiobraziliense.com.br\/denise\/wp-json\/wp\/v2\/users\/29"}],"replies":[{"embeddable":true,"href":"https:\/\/blogs.correiobraziliense.com.br\/denise\/wp-json\/wp\/v2\/comments?post=4651"}],"version-history":[{"count":1,"href":"https:\/\/blogs.correiobraziliense.com.br\/denise\/wp-json\/wp\/v2\/posts\/4651\/revisions"}],"predecessor-version":[{"id":4653,"href":"https:\/\/blogs.correiobraziliense.com.br\/denise\/wp-json\/wp\/v2\/posts\/4651\/revisions\/4653"}],"wp:featuredmedia":[{"embeddable":true,"href":"https:\/\/blogs.correiobraziliense.com.br\/denise\/wp-json\/wp\/v2\/media\/4652"}],"wp:attachment":[{"href":"https:\/\/blogs.correiobraziliense.com.br\/denise\/wp-json\/wp\/v2\/media?parent=4651"}],"wp:term":[{"taxonomy":"category","embeddable":true,"href":"https:\/\/blogs.correiobraziliense.com.br\/denise\/wp-json\/wp\/v2\/categories?post=4651"},{"taxonomy":"post_tag","embeddable":true,"href":"https:\/\/blogs.correiobraziliense.com.br\/denise\/wp-json\/wp\/v2\/tags?post=4651"}],"curies":[{"name":"wp","href":"https:\/\/api.w.org\/{rel}","templated":true}]}}