{"id":4648,"date":"2019-12-19T14:58:15","date_gmt":"2019-12-19T17:58:15","guid":{"rendered":"https:\/\/blogs.correiobraziliense.com.br\/denise\/?p=4648"},"modified":"2019-12-19T14:58:15","modified_gmt":"2019-12-19T17:58:15","slug":"privatizacao-sera-a-prioridade-do-governo-para-2020","status":"publish","type":"post","link":"https:\/\/blogs.correiobraziliense.com.br\/denise\/privatizacao-sera-a-prioridade-do-governo-para-2020\/","title":{"rendered":"Privatiza\u00e7\u00e3o ser\u00e1 a prioridade do governo para 2020"},"content":{"rendered":"<h6><strong>Coluna Bras[ilia-DF<\/strong><\/h6>\n<p>O ministro da Casa Civil, Onyx Lorenzoni, contou \u00e0 coluna que, diante das restri\u00e7\u00f5es or\u00e7ament\u00e1rias e da destina\u00e7\u00e3o dos poucos recursos para investimentos nas emendas de deputados e senadores, a forma de alavancar a economia em 2020 ser\u00e1 via PPI \u2014 Programa de Parcerias de Investimentos. \u201cDesde o in\u00edcio avisamos que esse governo n\u00e3o repetiria as receitas anteriores de apostar. Portanto, nem consumo, nem gasto p\u00fablico\u201d, diz.<\/p>\n<p>O governo tamb\u00e9m n\u00e3o est\u00e1 preocupado se o dinheiro vem da China, dos Estados Unidos ou de quem mais chegar. \u201cNosso nacionalismo n\u00e3o \u00e9 de financiamento. \u00c9 de brasileiro trabalhando, de carteira assinada\u201d, avisa, ao comemorar os primeiros interessados na ferrovia Ferrogr\u00e3o, entre Sinop (MT) e Itaituba (PA). \u201cH\u00e1 sete meses, n\u00e3o t\u00ednhamos um player. Hoje, chineses, russos e \u00e1rabes est\u00e3o interessados\u201d, comenta o ministro.<\/p>\n<h2>\n<strong>Dist\u00e2ncia regulamentar I<\/strong><\/h2>\n<p>Depois da opera\u00e7\u00e3o da pol\u00edcia na loja do senador Fl\u00e1vio Bolsonaro (sem partido-RJ) para apurar se houve \u201crachadinhas\u201d dos sal\u00e1rios de servidores dos tempos de deputado estadual, o governo se uniu no \u201cn\u00e3o temos nada a ver com isso\u201d. A \u201cvisita\u201d de Fl\u00e1vio ao pai, justamente no final da tarde de ontem, \u00e9 que n\u00e3o estava no script.<\/p>\n<h2>\n<strong>Dist\u00e2ncia regulamentar II<\/strong><\/h2>\n<p>O deputado Eduardo Bolsonaro (PSL-SP) fez seu discurso de despedida do ano, ontem, no plen\u00e1rio da C\u00e2mara, sem defender o irm\u00e3o. Pelo menos, essa \u00e9 a forma de tratar o tema, at\u00e9 o presidente decidir dar alguma declara\u00e7\u00e3o na porta do Alvorada, uma vez que, dizem aqueles mais pr\u00f3ximos, \u201cele n\u00e3o se segura\u201d. Por\u00e9m, os aconselhamentos s\u00e3o para que Fl\u00e1vio e seus advogados respondam sobre o epis\u00f3dio.<\/p>\n<h2>\n<strong>Quanto mais se enrolar, mais precisar\u00e1 deles<\/strong><\/h2>\n<p>A alegria do governador de Alagoas, Renan Filho (MDB), e do l\u00edder do governo no Senado, Fernando Bezerra Coelho (MDB-PE), ao descerem a rampa do 3\u00ba andar do Planalto para o lan\u00e7amento da campanha \u201cAqui \u00e9 o Brasil\u201d, foi lida da seguinte forma por alguns pol\u00edticos presentes \u00e0 solenidade: \u201cQuanto mais Fl\u00e1vio se enrolar, mais precisar\u00e1 do MDB\u201d.<\/p>\n<h2>\n<strong>Ricardo Salles, a volta<\/strong><\/h2>\n<p>O ministro do Meio Ambiente, Ricardo Salles, voltou da COP-25 convencido de que o Brasil errou, em 2015, ao se comprometer com tudo dentro do Acordo de Paris, sem exigir nada em troca. \u201cAgora, temos a press\u00e3o para cumprir metas, mas n\u00e3o o que poderia ser positivo para o nosso pa\u00eds, que \u00e9 o mercado de carbono\u201d, diz.<\/p>\n<p><strong>Esplanada cheia\/<\/strong> Engana-se quem pensa que os deputados abandonaram Bras\u00edlia por esses dias natalinos. Est\u00e3o todos em romaria pelo Pal\u00e1cio do Planalto e minist\u00e9rios. Tudo para liberar as emendas que faltam. \u201cEu volto entre Natal e Ano Novo. At\u00e9 l\u00e1, sai mais alguma coisa\u201d, comentou o deputado Domingos S\u00e1vio (PSDB-MG).<\/p>\n<p><strong>Maratona ministerial\/<\/strong> A correria est\u00e1 t\u00e3o grande que os ministros Luiz Henrique Mandetta (Sa\u00fade) e Gustavo Canuto (Desenvolvimento Regional) chegaram atrasados \u00e0 solenidade de lan\u00e7amento da campanha \u201cAqui \u00e9 o Brasil\u201d.<\/p>\n<p><strong>Coincid\u00eancia pol\u00edtica\/<\/strong> A campanha do governo, apresentada pelo secret\u00e1rio de Comunica\u00e7\u00e3o, F\u00e1bio Wajngarten, espalhar\u00e1 v\u00eddeos sobre as a\u00e7\u00f5es de governo por todas as regi\u00f5es do pa\u00eds no ano que vem. Coincidentemente, um ano eleitoral.<\/p>\n<p><strong>Embaixador antes do carnaval\/<\/strong> Relator da indica\u00e7\u00e3o de Nestor Forster para embaixador do Brasil em Washington, o senador Nelsinho Trad (PTB-MS) promete encerrar essa novela ainda antes do carnaval: \u201cN\u00e3o deu agora, porque os prazos estavam apertados. Mas, de fevereiro, n\u00e3o passa\u201d.<\/p>\n","protected":false},"excerpt":{"rendered":"<p>Coluna Bras[ilia-DF O ministro da Casa Civil, Onyx Lorenzoni, contou \u00e0 coluna que, diante das restri\u00e7\u00f5es or\u00e7ament\u00e1rias e da destina\u00e7\u00e3o dos poucos recursos para investimentos nas emendas de deputados e senadores, a forma de alavancar a economia em 2020 ser\u00e1 via PPI \u2014 Programa de Parcerias de Investimentos. \u201cDesde o in\u00edcio avisamos que esse governo n\u00e3o repetiria as receitas anteriores [&hellip;]<\/p>\n","protected":false},"author":29,"featured_media":4649,"comment_status":"closed","ping_status":"closed","sticky":false,"template":"","format":"standard","meta":{"footnotes":""},"categories":[4],"tags":[],"class_list":["post-4648","post","type-post","status-publish","format-standard","has-post-thumbnail","hentry","category-coluna-brasilia-df"],"_links":{"self":[{"href":"https:\/\/blogs.correiobraziliense.com.br\/denise\/wp-json\/wp\/v2\/posts\/4648","targetHints":{"allow":["GET"]}}],"collection":[{"href":"https:\/\/blogs.correiobraziliense.com.br\/denise\/wp-json\/wp\/v2\/posts"}],"about":[{"href":"https:\/\/blogs.correiobraziliense.com.br\/denise\/wp-json\/wp\/v2\/types\/post"}],"author":[{"embeddable":true,"href":"https:\/\/blogs.correiobraziliense.com.br\/denise\/wp-json\/wp\/v2\/users\/29"}],"replies":[{"embeddable":true,"href":"https:\/\/blogs.correiobraziliense.com.br\/denise\/wp-json\/wp\/v2\/comments?post=4648"}],"version-history":[{"count":1,"href":"https:\/\/blogs.correiobraziliense.com.br\/denise\/wp-json\/wp\/v2\/posts\/4648\/revisions"}],"predecessor-version":[{"id":4650,"href":"https:\/\/blogs.correiobraziliense.com.br\/denise\/wp-json\/wp\/v2\/posts\/4648\/revisions\/4650"}],"wp:featuredmedia":[{"embeddable":true,"href":"https:\/\/blogs.correiobraziliense.com.br\/denise\/wp-json\/wp\/v2\/media\/4649"}],"wp:attachment":[{"href":"https:\/\/blogs.correiobraziliense.com.br\/denise\/wp-json\/wp\/v2\/media?parent=4648"}],"wp:term":[{"taxonomy":"category","embeddable":true,"href":"https:\/\/blogs.correiobraziliense.com.br\/denise\/wp-json\/wp\/v2\/categories?post=4648"},{"taxonomy":"post_tag","embeddable":true,"href":"https:\/\/blogs.correiobraziliense.com.br\/denise\/wp-json\/wp\/v2\/tags?post=4648"}],"curies":[{"name":"wp","href":"https:\/\/api.w.org\/{rel}","templated":true}]}}