{"id":4644,"date":"2019-12-18T08:22:07","date_gmt":"2019-12-18T11:22:07","guid":{"rendered":"https:\/\/blogs.correiobraziliense.com.br\/denise\/?p=4644"},"modified":"2019-12-18T08:22:07","modified_gmt":"2019-12-18T11:22:07","slug":"r-7-milhoes-fara-a-comissao-do-orcamento-ser-a-mais-disputada","status":"publish","type":"post","link":"https:\/\/blogs.correiobraziliense.com.br\/denise\/r-7-milhoes-fara-a-comissao-do-orcamento-ser-a-mais-disputada\/","title":{"rendered":"R$ 7 milh\u00f5es far\u00e1 a Comiss\u00e3o do Or\u00e7amento ser a mais disputada"},"content":{"rendered":"<h6><strong>Coluna Bras\u00edlia-DF<\/strong><\/h6>\n<p>A Comiss\u00e3o mais disputada de 2020 no Congresso Nacional ser\u00e1 a do Or\u00e7amento. \u00c9 que, ali, comentam os deputados, os titulares conseguem R$ 7 milh\u00f5es a mais em recursos para emendas s\u00f3 por pertencer ao colegiado. Nos tempos dos an\u00f5es do Or\u00e7amento, in\u00edcio dos anos 1990, era a mesma coisa.<\/p>\n<p>Quem era da Comiss\u00e3o tinha um plus em subven\u00e7\u00f5es sociais. Descobriu-se depois um megaesc\u00e2ndalo de desvio de recursos n\u00e3o s\u00f3 para campanhas, como para institui\u00e7\u00f5es ligadas aos parlamentares, cuja aplica\u00e7\u00e3o n\u00e3o era acompanhada com uma lupa pelo governo.<\/p>\n<p>Em 2020, dizem alguns, o repasse direto estar\u00e1 sob os holofotes. Com a elei\u00e7\u00e3o em cena, ser\u00e1 uma oportunidade para saber se os deputados mudaram ou se haver\u00e1 desvio para as campanhas. Afinal, \u00e9 o grande teste das libera\u00e7\u00f5es diretas de recursos e das emendas impositivas.<\/p>\n<h2>\n<strong>Bondade pela metade<\/strong><\/h2>\n<p>A proposta de emenda constitucional que amplia o Fundo de Participa\u00e7\u00e3o dos Munic\u00edpios em quatro anos vai continuar incomodando a equipe econ\u00f4mica do governo, em 2020. \u00c9 que a C\u00e2mara aprovou o texto em primeiro turno e deixou o segundo justamente para o ano eleitoral, quando os prefeitos ser\u00e3o candidatos.<\/p>\n<h2>\n<strong>Cada um no seu quadrado<\/strong><\/h2>\n<p>A \u00e1rea econ\u00f4mica tem alguns sen\u00f5es a essa emenda, uma vez que o or\u00e7amento est\u00e1 curto, mas ontem at\u00e9 os l\u00edderes governistas foram a favor da proposta. Ali\u00e1s, no Planalto, se diz o seguinte: o presidente n\u00e3o manda no Parlamento, e o Parlamento n\u00e3o manda no presidente.<\/p>\n<h2>\n<strong>S\u00f3 tem um probleminha<\/strong><\/h2>\n<p>Anote a\u00ed: as apostas de algumas excel\u00eancias s\u00e3o as de que o Or\u00e7amento de 2020 n\u00e3o ser\u00e1 suficiente para cobrir todas as despesas do funcionalismo, no ano que vem. Quem conhece essa seara, garante que ser\u00e1 preciso um ajuste ainda no primeiro semestre.<\/p>\n<h2>\n<strong>A afli\u00e7\u00e3o continua<\/strong><\/h2>\n<p>Nos estados e munic\u00edpios, o maior entrave continua sendo a Previd\u00eancia. A n\u00e3o inclus\u00e3o dessas esferas de poder na reforma aprovada pelo Congresso \u00e9 vista como a maior pend\u00eancia para 2020.<\/p>\n<p><strong>Todo cuidado \u00e9 pouco\/<\/strong> O banheiro masculino do comit\u00ea de imprensa do Senado recebeu, nesta semana, a visita de um\u2026 escorpi\u00e3o. No m\u00eas passado, foram capturados tr\u00eas na Ala Alexandre Costa. No estacionamento, foi encontrada uma\u2026 cobra cascavel nesta semana. No plen\u00e1rio, um senador gaiato brincava: \u201cEnt\u00e3o, agora somos 82!\u201d<\/p>\n<p><strong>Causa&#8230;\/<\/strong> A desenvoltura do l\u00edder da maioria, deputado Aguinaldo Ribeiro (PP-PB), fez dele a maior aposta para suceder Rodrigo Maia (DEM-RJ) na Presid\u00eancia da C\u00e2mara.<\/p>\n<p><strong>&#8230;Consequ\u00eancia\/<\/strong> N\u00e3o por acaso, come\u00e7a a gerar uma ciumeira danada no DEM de Rodrigo Maia, que j\u00e1 deu o troco elegendo Efraim Filho (PB) l\u00edder da bancada. O nome apoiado por Elmar Nascimento, ligado a Maia, era o de Alexandre Leite (SP).<\/p>\n<p><strong>Enquanto isso, no PT&#8230;\/<\/strong> Em S\u00e3o Paulo, dois nomes v\u00e3o rachar a maior tend\u00eancia do partido, a CNB (Construindo um Novo Brasil), na disputa pela prefeitura paulistana: Jilmar Tatto e Alexandre Padilha.<\/p>\n","protected":false},"excerpt":{"rendered":"<p>Coluna Bras\u00edlia-DF A Comiss\u00e3o mais disputada de 2020 no Congresso Nacional ser\u00e1 a do Or\u00e7amento. \u00c9 que, ali, comentam os deputados, os titulares conseguem R$ 7 milh\u00f5es a mais em recursos para emendas s\u00f3 por pertencer ao colegiado. Nos tempos dos an\u00f5es do Or\u00e7amento, in\u00edcio dos anos 1990, era a mesma coisa. Quem era da Comiss\u00e3o tinha um plus em [&hellip;]<\/p>\n","protected":false},"author":29,"featured_media":4646,"comment_status":"closed","ping_status":"closed","sticky":false,"template":"","format":"standard","meta":{"footnotes":""},"categories":[4],"tags":[222],"class_list":["post-4644","post","type-post","status-publish","format-standard","has-post-thumbnail","hentry","category-coluna-brasilia-df","tag-orcamento"],"_links":{"self":[{"href":"https:\/\/blogs.correiobraziliense.com.br\/denise\/wp-json\/wp\/v2\/posts\/4644","targetHints":{"allow":["GET"]}}],"collection":[{"href":"https:\/\/blogs.correiobraziliense.com.br\/denise\/wp-json\/wp\/v2\/posts"}],"about":[{"href":"https:\/\/blogs.correiobraziliense.com.br\/denise\/wp-json\/wp\/v2\/types\/post"}],"author":[{"embeddable":true,"href":"https:\/\/blogs.correiobraziliense.com.br\/denise\/wp-json\/wp\/v2\/users\/29"}],"replies":[{"embeddable":true,"href":"https:\/\/blogs.correiobraziliense.com.br\/denise\/wp-json\/wp\/v2\/comments?post=4644"}],"version-history":[{"count":1,"href":"https:\/\/blogs.correiobraziliense.com.br\/denise\/wp-json\/wp\/v2\/posts\/4644\/revisions"}],"predecessor-version":[{"id":4647,"href":"https:\/\/blogs.correiobraziliense.com.br\/denise\/wp-json\/wp\/v2\/posts\/4644\/revisions\/4647"}],"wp:featuredmedia":[{"embeddable":true,"href":"https:\/\/blogs.correiobraziliense.com.br\/denise\/wp-json\/wp\/v2\/media\/4646"}],"wp:attachment":[{"href":"https:\/\/blogs.correiobraziliense.com.br\/denise\/wp-json\/wp\/v2\/media?parent=4644"}],"wp:term":[{"taxonomy":"category","embeddable":true,"href":"https:\/\/blogs.correiobraziliense.com.br\/denise\/wp-json\/wp\/v2\/categories?post=4644"},{"taxonomy":"post_tag","embeddable":true,"href":"https:\/\/blogs.correiobraziliense.com.br\/denise\/wp-json\/wp\/v2\/tags?post=4644"}],"curies":[{"name":"wp","href":"https:\/\/api.w.org\/{rel}","templated":true}]}}