{"id":4628,"date":"2019-12-16T08:17:48","date_gmt":"2019-12-16T11:17:48","guid":{"rendered":"https:\/\/blogs.correiobraziliense.com.br\/denise\/?p=4628"},"modified":"2019-12-16T08:17:48","modified_gmt":"2019-12-16T11:17:48","slug":"aliados-de-bolsonaro-e-de-lula-se-aproximam-dos-ferreira-gomes","status":"publish","type":"post","link":"https:\/\/blogs.correiobraziliense.com.br\/denise\/aliados-de-bolsonaro-e-de-lula-se-aproximam-dos-ferreira-gomes\/","title":{"rendered":"Aliados de Bolsonaro e de Lula se aproximam dos Ferreira Gomes"},"content":{"rendered":"<h6><strong>Coluna Bras\u00edlia-DF<\/strong><\/h6>\n<p>Com a elei\u00e7\u00e3o municipal despontando no horizonte, cada deputado ou senador come\u00e7a a jogar dentro daquilo que \u00e9 melhor para o seu futuro pol\u00edtico, bem longe dos arranjos nacionais do momento. Por esses dias, n\u00e3o foram poucos os aliados do presidente Jair Bolsonaro e at\u00e9 mesmo de Lula que, no Cear\u00e1, renderam homenagens aos Ferreira Gomes \u2014 Ciro, Cid e o irm\u00e3o mais novo, Ivo, prefeito de Sobral, que aniversariou semana passada e est\u00e1 a um passo de lan\u00e7ar a candidatura ao governo do estado para 2022.<\/p>\n<p>A festa contou com participa\u00e7\u00e3o de integrantes do PSD, do PP, do DEM e do PSDB, e de outros. A presen\u00e7a deixa claro que ningu\u00e9m jogar\u00e1 todas as fichas no novo partido do presidente Jair Bolsonaro, que esta semana conseguiu o registro do CNPJ e agora come\u00e7ar\u00e1 a coleta de assinaturas. Todo mundo vai conversar com todo mundo.<\/p>\n<h2><strong>Rodrigo Maia em tr\u00eas tempos<\/strong><\/h2>\n<p>O presidente da C\u00e2mara, Rodrigo Maia, abriu 2019 fazendo acenos a uma fus\u00e3o entre DEM e PSDB, passando a muitos a ideia de que estava fechado com Jo\u00e3o Doria para o futuro. Depois, aproximou-se do empres\u00e1rio e apresentador Luciano Huck. Por \u00faltimo, fez gestos de apre\u00e7o a Ciro Gomes, do PDT. A conclus\u00e3o geral de quem entende do tra\u00e7ado \u00e9 de que Rodrigo Maia quer mesmo \u00e9\u2026 Rodrigo Maia.<\/p>\n<h2>\n<strong>Problemas \u00e0 frente I<\/strong><\/h2>\n<p>O secret\u00e1rio dos Portos do Minist\u00e9rio da Infraestrutura, Diogo Piloni, perdeu completamente o controle quando soube que o Conselho de Elegibilidade da Companhia Docas do Estado da Bahia (Codeba) rejeitara a indica\u00e7\u00e3o do advogado Jenner Augusto da Silveira Kruchewsky para diretor financeiro da empresa e Danilo Miranda para diretor comercial. A decis\u00e3o foi tomada com base na Lei 13303\/16 (a Lei das Estatais), que veda nomea\u00e7\u00f5es de conflito de interesses ou sem experi\u00eancia comprovada no setor.<\/p>\n<h2>\n<strong>Problemas \u00e0 frente II<\/strong><\/h2>\n<p>Piloni amea\u00e7ou demitir todo o conselho e at\u00e9 a diretoria da empresa. A rea\u00e7\u00e3o foi t\u00e3o violenta que o presidente do conselho, Cleidem\u00e1rio Souza, limpou as gavetas e voou para Bras\u00edlia, onde vive. Chamado ao Minist\u00e9rio da Infraestrutura, aceitou as desculpas de Piloni e rasgou o pedido de demiss\u00e3o. Mas n\u00e3o cedeu, manteve o veto aos nomes que foram<br \/>\nenviados a Piloni pelo ministro Tarc\u00edsio de Freitas.<\/p>\n<h2>\n<strong>Problemas \u00e0 frente III<\/strong><\/h2>\n<p>Nesta segunda, v\u00e3o tentar um novo torniquete no presidente do Conselho de Elegibilidade da Codeba. \u00c9 que a nomea\u00e7\u00e3o de Jenner, por exemplo, se arrasta desde meados deste ano. Ele foi rejeitado para presidir a Codeba e, neste segundo semestre, para ser diretor financeiro, porque, segundo o comit\u00ea, \u201cpatrocina contra a Codeba mais de 20 demandas judiciais\u201d.<\/p>\n<h2>\n<strong><em>CURTIDAS<\/em><\/strong><\/h2>\n<p><strong>Duas vit\u00f3rias\/<\/strong> O deputado tucano A\u00e9cio Neves n\u00e3o tem do que reclamar nesta reta final de 2019. Foi um dos principais articuladores e relator da emenda constitucional da transfer\u00eancia especial, que prev\u00ea o repasse direto de recursos aos munic\u00edpios, considerada a mais importante pelos pol\u00edticos. Tamb\u00e9m trabalhou pela elei\u00e7\u00e3o de Celso Sabino (PA) para l\u00edder do PSDB na C\u00e2mara.<\/p>\n<p><strong>Por falar em PSDB&#8230;\/<\/strong> A disputa do cargo de l\u00edder ter\u00e1 novos movimentos. Os aliados de Beto Pereira (MS) v\u00e3o tentar retomar o cargo com uma nova guerra de listas. O PSDB est\u00e1 igual ao MDB dos tempos em que os grupos se engalfinharam com, cada semana, um l\u00edder.<\/p>\n<p><strong>O \u00faltimo quilombo I\/<\/strong> A sexta-feira em S\u00e3o Lu\u00eds foi de festa para 25 mil fam\u00edlias que vivem no bairro da Liberdade, onde acaba de ser certificado o maior quilombo urbano do Brasil e o primeiro do Maranh\u00e3o. \u201cFoi o \u00faltimo ato de Vanderlei Louren\u00e7o como presidente da Funda\u00e7\u00e3o Palmares\u201d, lembra o deputado Hildo Rocha (MDB-MA).<\/p>\n<p><strong>O \u00faltimo quilombo II\/<\/strong> Representante da Funda\u00e7\u00e3o Palmares, Alan Ramalho conta que foram mais de cinco anos esperando pela certifica\u00e7\u00e3o, que s\u00f3 foi poss\u00edvel gra\u00e7as \u00e0 pesquisa por parte da professora Ana Regina Lucena, da Universidade Estadual do Maranh\u00e3o.<\/p>\n<p><strong>Cerco a Wassef\/<\/strong> Executivos da JBS t\u00eam feito malabarismos para tentar se aproximar do advogado criminalista Frederick Wassef, que atende o senador Fl\u00e1vio Bolsonaro (sem partido-RJ). Depois da primeira investida, relatada pela coluna, a empresa procurou a megaempres\u00e1ria do ramo de TI Cristina Boner, ex-mulher de Wassef, oferecendo um contrato. O oferecimento do contrato era relatado, dia desses, numa roda em Bras\u00edlia.<\/p>\n","protected":false},"excerpt":{"rendered":"<p>Coluna Bras\u00edlia-DF Com a elei\u00e7\u00e3o municipal despontando no horizonte, cada deputado ou senador come\u00e7a a jogar dentro daquilo que \u00e9 melhor para o seu futuro pol\u00edtico, bem longe dos arranjos nacionais do momento. Por esses dias, n\u00e3o foram poucos os aliados do presidente Jair Bolsonaro e at\u00e9 mesmo de Lula que, no Cear\u00e1, renderam homenagens aos Ferreira Gomes \u2014 Ciro, [&hellip;]<\/p>\n","protected":false},"author":29,"featured_media":4629,"comment_status":"closed","ping_status":"closed","sticky":false,"template":"","format":"standard","meta":{"footnotes":""},"categories":[4],"tags":[],"class_list":["post-4628","post","type-post","status-publish","format-standard","has-post-thumbnail","hentry","category-coluna-brasilia-df"],"_links":{"self":[{"href":"https:\/\/blogs.correiobraziliense.com.br\/denise\/wp-json\/wp\/v2\/posts\/4628","targetHints":{"allow":["GET"]}}],"collection":[{"href":"https:\/\/blogs.correiobraziliense.com.br\/denise\/wp-json\/wp\/v2\/posts"}],"about":[{"href":"https:\/\/blogs.correiobraziliense.com.br\/denise\/wp-json\/wp\/v2\/types\/post"}],"author":[{"embeddable":true,"href":"https:\/\/blogs.correiobraziliense.com.br\/denise\/wp-json\/wp\/v2\/users\/29"}],"replies":[{"embeddable":true,"href":"https:\/\/blogs.correiobraziliense.com.br\/denise\/wp-json\/wp\/v2\/comments?post=4628"}],"version-history":[{"count":1,"href":"https:\/\/blogs.correiobraziliense.com.br\/denise\/wp-json\/wp\/v2\/posts\/4628\/revisions"}],"predecessor-version":[{"id":4630,"href":"https:\/\/blogs.correiobraziliense.com.br\/denise\/wp-json\/wp\/v2\/posts\/4628\/revisions\/4630"}],"wp:featuredmedia":[{"embeddable":true,"href":"https:\/\/blogs.correiobraziliense.com.br\/denise\/wp-json\/wp\/v2\/media\/4629"}],"wp:attachment":[{"href":"https:\/\/blogs.correiobraziliense.com.br\/denise\/wp-json\/wp\/v2\/media?parent=4628"}],"wp:term":[{"taxonomy":"category","embeddable":true,"href":"https:\/\/blogs.correiobraziliense.com.br\/denise\/wp-json\/wp\/v2\/categories?post=4628"},{"taxonomy":"post_tag","embeddable":true,"href":"https:\/\/blogs.correiobraziliense.com.br\/denise\/wp-json\/wp\/v2\/tags?post=4628"}],"curies":[{"name":"wp","href":"https:\/\/api.w.org\/{rel}","templated":true}]}}