{"id":4605,"date":"2019-12-11T08:16:47","date_gmt":"2019-12-11T11:16:47","guid":{"rendered":"https:\/\/blogs.correiobraziliense.com.br\/denise\/?p=4605"},"modified":"2019-12-11T08:16:47","modified_gmt":"2019-12-11T11:16:47","slug":"mp-da-regularizacao-fundiaria-transformara-pais-num-vasto-campo-de-medias-propriedades","status":"publish","type":"post","link":"https:\/\/blogs.correiobraziliense.com.br\/denise\/mp-da-regularizacao-fundiaria-transformara-pais-num-vasto-campo-de-medias-propriedades\/","title":{"rendered":"MP da Regulariza\u00e7\u00e3o Fundi\u00e1ria transformar\u00e1 pa\u00eds num vasto campo de m\u00e9dias propriedades"},"content":{"rendered":"<h6><strong>Coluna Bras\u00edlia-DF<\/strong><\/h6>\n<p>Enquanto o presidente Jair Bolsonaro assinava a Medida Provis\u00f3ria da Regulariza\u00e7\u00e3o Fundi\u00e1ria, os produtores rurais na plateia comentavam que as novas regras podem transformar o pa\u00eds num vasto campo de m\u00e9dias propriedades no decorrer dos anos. \u00c9 que muitos dos pequenos produtores que se inscreveram no programa de reforma agr\u00e1ria tendem a vender suas terras quando tiverem os t\u00edtulos de propriedade. Assim, em determinadas regi\u00f5es, esses pequenos v\u00e3o terminar virando m\u00e9dias propriedades.<\/p>\n<p>Desde que vendas sejam por livre e espont\u00e2nea vontade dos propriet\u00e1rios, o governo n\u00e3o v\u00ea problemas. A ordem hoje \u00e9 resolver uma complica\u00e7\u00e3o que se arrasta h\u00e1 30 anos, ou seja, a indefini\u00e7\u00e3o da pol\u00edtica agr\u00e1ria, em que os assentados n\u00e3o podem nem captar recursos para produzir nem se desfazer das terras.<\/p>\n<h2>\n<strong>Fundo limitado<\/strong><\/h2>\n<p>Embora parlamentares tenham aprovado um aumento de R$ 1,3 bilh\u00e3o no Fundo Eleitoral na \u00faltima vota\u00e7\u00e3o na Comiss\u00e3o Mista de Or\u00e7amento, a previs\u00e3o \u00e9 de que o valor voltar\u00e1 aos R$ 2,5 bilh\u00f5es previstos pelo governo. Sabe como \u00e9: melhor um bom acordo do que uma briga em que o presidente pode vetar e, mais \u00e0 frente, n\u00e3o dar tempo de derrubar o veto.<\/p>\n<h2>\n<strong>A briga por dinheiro I<\/strong><\/h2>\n<p>Superintendentes do Sebrae de todo o pa\u00eds montaram uma blitz na C\u00e2mara dos Deputados no sentido de tentar evitar que os recursos da institui\u00e7\u00e3o sejam destinados \u00e0 Ag\u00eancia Brasileira de Promo\u00e7\u00e3o Internacional e Turismo, criada pela Medida Provis\u00f3ria 907.<\/p>\n<h2>\n<strong>A briga por dinheiro II<\/strong><\/h2>\n<p>A ideia dos deputados defensores do Sebrae \u00e9 restituir \u00e0 nova ag\u00eancia os R$ 49 milh\u00f5es da Embratur que, segundo a MP, voltam ao caixa da Uni\u00e3o.<\/p>\n<h2>\n<strong>Novo vai com calma<\/strong><\/h2>\n<p>O Partido Novo, do governador de Minas Gerais, Romeu Zema, n\u00e3o vai lan\u00e7ar candidatos a prefeito em todos os munic\u00edpios mineiros. A ideia \u00e9 jogar concentrado em, no m\u00e1ximo, oito cidades, todas com mais de 300 mil habitantes.<\/p>\n<h2>\n<strong>Curtidas<\/strong><\/h2>\n<p>Esp\u00edrito natalino &amp; a\u00e7\u00f5es pol\u00edticas\/ O elogio do presidente Jair Bolsonaro ao ex-presidente Jos\u00e9 Sarney, num evento com militares, vem sob medida para tentar abrir os canais para um encontro entre os dois num futuro pr\u00f3ximo.<\/p>\n<p>Dieta zero, confraterniza\u00e7\u00e3o 10\/ O deputado F\u00e1bio Ramalho aproveitou a casa cheia no Congresso para servir 300 p\u00e3es com lingui\u00e7a e imensas panelas de arroz com costela, feij\u00e3o tropeiro, pururuca. Para arrematar, travessas de doce de leite e p\u00e9 de moleque. Senadores, deputados, servidores, terceirizados, jornalistas e quem mais chegou sa\u00edram da dieta.<\/p>\n<p>No blog\/<a href=\"http:\/\/www.correiobraziliense.com.br\"> www.correiobraziliense.com.br<\/a>, no <strong>blog da Denise<\/strong>,<a href=\"https:\/\/blogs.correiobraziliense.com.br\/denise\/michelle-bolsonaro-e-damares-vao-se-encontrar-com-o-papa\/\"> leia Michelle Bolsonaro vai ao Papa<\/a>.<\/p>\n","protected":false},"excerpt":{"rendered":"<p>Coluna Bras\u00edlia-DF Enquanto o presidente Jair Bolsonaro assinava a Medida Provis\u00f3ria da Regulariza\u00e7\u00e3o Fundi\u00e1ria, os produtores rurais na plateia comentavam que as novas regras podem transformar o pa\u00eds num vasto campo de m\u00e9dias propriedades no decorrer dos anos. \u00c9 que muitos dos pequenos produtores que se inscreveram no programa de reforma agr\u00e1ria tendem a vender suas terras quando tiverem os [&hellip;]<\/p>\n","protected":false},"author":29,"featured_media":4606,"comment_status":"closed","ping_status":"closed","sticky":false,"template":"","format":"standard","meta":{"footnotes":""},"categories":[4],"tags":[218],"class_list":["post-4605","post","type-post","status-publish","format-standard","has-post-thumbnail","hentry","category-coluna-brasilia-df","tag-mp-da-regularizacao-fundiaria"],"_links":{"self":[{"href":"https:\/\/blogs.correiobraziliense.com.br\/denise\/wp-json\/wp\/v2\/posts\/4605","targetHints":{"allow":["GET"]}}],"collection":[{"href":"https:\/\/blogs.correiobraziliense.com.br\/denise\/wp-json\/wp\/v2\/posts"}],"about":[{"href":"https:\/\/blogs.correiobraziliense.com.br\/denise\/wp-json\/wp\/v2\/types\/post"}],"author":[{"embeddable":true,"href":"https:\/\/blogs.correiobraziliense.com.br\/denise\/wp-json\/wp\/v2\/users\/29"}],"replies":[{"embeddable":true,"href":"https:\/\/blogs.correiobraziliense.com.br\/denise\/wp-json\/wp\/v2\/comments?post=4605"}],"version-history":[{"count":2,"href":"https:\/\/blogs.correiobraziliense.com.br\/denise\/wp-json\/wp\/v2\/posts\/4605\/revisions"}],"predecessor-version":[{"id":4611,"href":"https:\/\/blogs.correiobraziliense.com.br\/denise\/wp-json\/wp\/v2\/posts\/4605\/revisions\/4611"}],"wp:featuredmedia":[{"embeddable":true,"href":"https:\/\/blogs.correiobraziliense.com.br\/denise\/wp-json\/wp\/v2\/media\/4606"}],"wp:attachment":[{"href":"https:\/\/blogs.correiobraziliense.com.br\/denise\/wp-json\/wp\/v2\/media?parent=4605"}],"wp:term":[{"taxonomy":"category","embeddable":true,"href":"https:\/\/blogs.correiobraziliense.com.br\/denise\/wp-json\/wp\/v2\/categories?post=4605"},{"taxonomy":"post_tag","embeddable":true,"href":"https:\/\/blogs.correiobraziliense.com.br\/denise\/wp-json\/wp\/v2\/tags?post=4605"}],"curies":[{"name":"wp","href":"https:\/\/api.w.org\/{rel}","templated":true}]}}