{"id":4585,"date":"2019-12-07T09:14:35","date_gmt":"2019-12-07T12:14:35","guid":{"rendered":"https:\/\/blogs.correiobraziliense.com.br\/denise\/?p=4585"},"modified":"2019-12-07T09:14:35","modified_gmt":"2019-12-07T12:14:35","slug":"bolsonaro-planeja-ir-ao-qatar-ver-o-flamengo-no-mundial","status":"publish","type":"post","link":"https:\/\/blogs.correiobraziliense.com.br\/denise\/bolsonaro-planeja-ir-ao-qatar-ver-o-flamengo-no-mundial\/","title":{"rendered":"Bolsonaro planeja ir ao Qatar ver o Flamengo no Mundial"},"content":{"rendered":"<h6><strong>Coluna Bras\u00edlia-DF\/Por Carlos Alexandre de Souza\u00a0<\/strong><\/h6>\n<p>O <strong>Qatar<\/strong> ser\u00e1 o pa\u00eds-sede da <strong>Copa do Mundo de 2022<\/strong>, mas <strong>Bolsonaro<\/strong> planeja ir l\u00e1 antes. Aos mais pr\u00f3ximos, tem dito que gostaria de ir prestigiar o <strong>Flamengo<\/strong> na <strong>Copa do Mundo de Clubes da Fifa<\/strong>, que ocorre entre 11 e 22 de dezembro deste ano. O desejo em ir pode se concretizar, sobretudo, se o Flamengo chegar \u00e0 final. Para assessores, seria at\u00e9 uma oportunidade para estreitar rela\u00e7\u00f5es com o pa\u00eds e, quem sabe, voltar com mais investimentos para o Brasil.<\/p>\n<h2><strong>Teste do povo<\/strong><\/h2>\n<p><a href=\"https:\/\/www.correiobraziliense.com.br\/app\/noticia\/politica\/2019\/12\/04\/interna_politica,811579\/sem-agenda-oficial-bolsonaro-come-pastel-de-queijo-na-feira-dos-impor.shtml\">A visita de Bolsonaro \u00e0 Feira dos Importados<\/a>, em Bras\u00edlia, n\u00e3o foi uma decis\u00e3o tomada a esmo. A leitura feita por interlocutores \u00e9 de que, \u00e0 medida em que saem boas not\u00edcias, o presidente fica mais animado a \u201ctestar\u201d a popularidade. O presidente sabe que n\u00e3o pode s\u00f3 pregar para os convertidos que o prestigiam no Pal\u00e1cio da Alvorada. H\u00e1 um entendimento de que n\u00e3o pode se isolar nas redes sociais e ouvir os conselheiros mais pr\u00f3ximos. A tend\u00eancia \u00e9 continuar ouvindo a c\u00e9lebre voz rouca das ruas.<\/p>\n<h2><strong>Sempre alerta<\/strong><\/h2>\n<p>Os ministros e demais conselheiros sabem que n\u00e3o v\u00e3o conter o \u00edmpeto de Bolsonaro em ir \u00e0s ruas. Nem querem. Pelo contr\u00e1rio. Recomendam, no m\u00e1ximo, que ele avise com anteced\u00eancia a ida \u00e0s ruas. Com antecipa\u00e7\u00e3o ou de sopet\u00e3o \u2014 uma marca do presidente \u2014, o Gabinete de Seguran\u00e7a Institucional (GSI), pasta respons\u00e1vel pela seguran\u00e7a do chefe do Executivo, garante que toda a equipe est\u00e1 preparada para qualquer surpresa. H\u00e1 um reconhecimento de que s\u00e3o eles que t\u00eam de se adequar ao presidente, e n\u00e3o o contr\u00e1rio.<\/p>\n","protected":false},"excerpt":{"rendered":"<p>Coluna Bras\u00edlia-DF\/Por Carlos Alexandre de Souza\u00a0 O Qatar ser\u00e1 o pa\u00eds-sede da Copa do Mundo de 2022, mas Bolsonaro planeja ir l\u00e1 antes. Aos mais pr\u00f3ximos, tem dito que gostaria de ir prestigiar o Flamengo na Copa do Mundo de Clubes da Fifa, que ocorre entre 11 e 22 de dezembro deste ano. O desejo em ir pode se concretizar, [&hellip;]<\/p>\n","protected":false},"author":29,"featured_media":4588,"comment_status":"closed","ping_status":"closed","sticky":false,"template":"","format":"standard","meta":{"footnotes":""},"categories":[4],"tags":[],"class_list":["post-4585","post","type-post","status-publish","format-standard","has-post-thumbnail","hentry","category-coluna-brasilia-df"],"_links":{"self":[{"href":"https:\/\/blogs.correiobraziliense.com.br\/denise\/wp-json\/wp\/v2\/posts\/4585","targetHints":{"allow":["GET"]}}],"collection":[{"href":"https:\/\/blogs.correiobraziliense.com.br\/denise\/wp-json\/wp\/v2\/posts"}],"about":[{"href":"https:\/\/blogs.correiobraziliense.com.br\/denise\/wp-json\/wp\/v2\/types\/post"}],"author":[{"embeddable":true,"href":"https:\/\/blogs.correiobraziliense.com.br\/denise\/wp-json\/wp\/v2\/users\/29"}],"replies":[{"embeddable":true,"href":"https:\/\/blogs.correiobraziliense.com.br\/denise\/wp-json\/wp\/v2\/comments?post=4585"}],"version-history":[{"count":1,"href":"https:\/\/blogs.correiobraziliense.com.br\/denise\/wp-json\/wp\/v2\/posts\/4585\/revisions"}],"predecessor-version":[{"id":4589,"href":"https:\/\/blogs.correiobraziliense.com.br\/denise\/wp-json\/wp\/v2\/posts\/4585\/revisions\/4589"}],"wp:featuredmedia":[{"embeddable":true,"href":"https:\/\/blogs.correiobraziliense.com.br\/denise\/wp-json\/wp\/v2\/media\/4588"}],"wp:attachment":[{"href":"https:\/\/blogs.correiobraziliense.com.br\/denise\/wp-json\/wp\/v2\/media?parent=4585"}],"wp:term":[{"taxonomy":"category","embeddable":true,"href":"https:\/\/blogs.correiobraziliense.com.br\/denise\/wp-json\/wp\/v2\/categories?post=4585"},{"taxonomy":"post_tag","embeddable":true,"href":"https:\/\/blogs.correiobraziliense.com.br\/denise\/wp-json\/wp\/v2\/tags?post=4585"}],"curies":[{"name":"wp","href":"https:\/\/api.w.org\/{rel}","templated":true}]}}