{"id":4582,"date":"2019-12-07T09:06:28","date_gmt":"2019-12-07T12:06:28","guid":{"rendered":"https:\/\/blogs.correiobraziliense.com.br\/denise\/?p=4582"},"modified":"2019-12-07T09:10:15","modified_gmt":"2019-12-07T12:10:15","slug":"o-constrangimento-de-tentar-convencer-capital-estrangeiro-a-investir-no-pais","status":"publish","type":"post","link":"https:\/\/blogs.correiobraziliense.com.br\/denise\/o-constrangimento-de-tentar-convencer-capital-estrangeiro-a-investir-no-pais\/","title":{"rendered":"O constrangimento de tentar convencer capital estrangeiro a investir no pa\u00eds"},"content":{"rendered":"<h6><strong>Coluna Bras\u00edlia-DF\/Por Carlos Alexandre de Souza<\/strong><\/h6>\n<p>A aus\u00eancia de uma pol\u00edtica de preserva\u00e7\u00e3o ambiental come\u00e7a a custar caro ao governo de Jair Bolsonaro. Em uma reuni\u00e3o com investidores nos Estados Unidos, um consultor relatou ao <strong>Correio<\/strong> o constrangimento que sentiu ao tentar convencer o capital estrangeiro a investir no pa\u00eds. Ficou n\u00edtida a preocupa\u00e7\u00e3o deles com a quest\u00e3o ambiental e a forma como vem sendo tratada pelo governo. \u201cPela primeira vez, fui questionado pelos investidores sobre o compromisso ambiental do governo. Nunca se perguntou isso\u201d, disse o consultor, citando que os ministros que mais recebem cr\u00edticas s\u00e3o Ricardo Salles (do Meio Ambiente) e Ernesto Ara\u00fajo (Rela\u00e7\u00f5es Exteriores).<\/p>\n<p>\u201cOs investidores est\u00e3o atentos a tudo o que eles falam, seja em rela\u00e7\u00e3o ao desrespeito ao Acordo de Paris, seja em rela\u00e7\u00e3o \u00e0s cr\u00edticas ao presidente da Fran\u00e7a, Emmanuel Macron, no caso das queimadas na Amaz\u00f4nia\u201d, observou. O executivo disse ainda que, entre os europeus, a imagem do pa\u00eds n\u00e3o anda nada bem. \u201cA preocupa\u00e7\u00e3o maior \u00e9 com a quest\u00e3o ambiental e a gest\u00e3o complicada do Salles\u201d, completou.<\/p>\n<h2><strong>Direita cultural contra-ataca<\/strong><\/h2>\n<p>Integrantes conservadores no meio cultural se organizam para pressionar, no Congresso, a retirada de um dispositivo da Medida Provis\u00f3ria (MP) encaminhada pelo governo batizada de \u201cA Hora do Turismo\u201d. Entre os pontos propostos pela mat\u00e9ria est\u00e1 a isen\u00e7\u00e3o a hot\u00e9is do pagamento de direitos autorais por m\u00fasicas tocadas nos quartos. O m\u00fasico Lob\u00e3o e o apresentador Danilo Gentili s\u00e3o alguns dos influenciadores que tentar\u00e3o convencer os parlamentares.<\/p>\n<h2><strong>Respiro palaciano<\/strong><\/h2>\n<p>O clima na Presid\u00eancia da Rep\u00fablica vai de bem a melhor. Al\u00e9m de vislumbrar uma melhora da atividade econ\u00f4mica, assessores comemoram, ainda que timidamente, a calmaria vinda dos filhos do presidente Jair Bolsonaro. H\u00e1 menos de tr\u00eas meses, recordam que havia muita instabilidade institucional causada pelos herdeiros, com ataques disparados, sobretudo, pelo vereador Carlos Bolsonaro. A avalia\u00e7\u00e3o \u00e9 de que s\u00f3 uma pessoa poderia ter feito algo para apaziguar os \u00e2nimos: o pr\u00f3prio pai.<\/p>\n<h2><strong>Teste do povo<\/strong><\/h2>\n<p>A visita de Bolsonaro \u00e0 Feira dos Importados, em Bras\u00edlia, n\u00e3o foi uma decis\u00e3o tomada a esmo. A leitura feita por interlocutores \u00e9 de que, \u00e0 medida em que saem boas not\u00edcias, o presidente fica mais animado a \u201ctestar\u201d a popularidade. O presidente sabe que n\u00e3o pode s\u00f3 pregar para os convertidos que o prestigiam no Pal\u00e1cio da Alvorada. H\u00e1 um entendimento de que n\u00e3o pode se isolar nas redes sociais e ouvir os conselheiros mais pr\u00f3ximos. A tend\u00eancia \u00e9 continuar ouvindo a c\u00e9lebre voz rouca das ruas.<\/p>\n<h2><strong>Sempre alerta<\/strong><\/h2>\n<p>Os ministros e demais conselheiros sabem que n\u00e3o v\u00e3o conter o \u00edmpeto de Bolsonaro em ir \u00e0s ruas. Nem querem. Pelo contr\u00e1rio. Recomendam, no m\u00e1ximo, que ele avise com anteced\u00eancia a ida \u00e0s ruas. Com antecipa\u00e7\u00e3o ou de sopet\u00e3o \u2014 uma marca do presidente \u2014, o Gabinete de Seguran\u00e7a Institucional (GSI), pasta respons\u00e1vel pela seguran\u00e7a do chefe do Executivo, garante que toda a equipe est\u00e1 preparada para qualquer surpresa. H\u00e1 um reconhecimento de que s\u00e3o eles que t\u00eam de se adequar ao presidente, e n\u00e3o o contr\u00e1rio.<\/p>\n<h2><strong>BC no escuro<\/strong><\/h2>\n<p>A sede do Banco Central tamb\u00e9m foi atingida pela falta de luz ontem \u00e0 tarde, em raz\u00e3o do temporal que se abateu sobre Bras\u00edlia. Um gerador a diesel foi acionado para manter a ilumina\u00e7\u00e3o em \u00e1reas comuns. Algumas salas, no entanto, ficaram no escuro por cerca de meia hora. N\u00e3o houve ocorr\u00eancias no BC, e, segundo a assessoria, ningu\u00e9m ficou preso no elevador.<\/p>\n<h2><strong>S\u00f3 dinheiro<\/strong><\/h2>\n<p>Em um caf\u00e9 da 202 Sul, na quadra ao lado da autarquia, o movimento da clientela foi afetado pelo temporal. S\u00f3 era poss\u00edvel pagar a conta com dinheiro em esp\u00e9cie por causa da falta de luz. O problema em v\u00e1rias subesta\u00e7\u00f5es da CEB e Furnas ontem deixou as regi\u00f5es de Lago Sul, Asa Sul, Guar\u00e1 e Setor de Ind\u00fastria e Abastecimento sem energia no in\u00edcio da tarde.<\/p>\n<h2><strong>Carne salgada<\/strong><\/h2>\n<p>A alta do pre\u00e7o da carne em novembro parece n\u00e3o afetar os restaurantes frequentados por personalidades pol\u00edticas de Bras\u00edlia. Em uma casa especializada em cortes argentinos, o carro-chefe com 600 gramas de bife sai por R$ 153. \u201cA clientela n\u00e3o reclama\u201d, observa a gerente do estabelecimento.<\/p>\n<p><em>Colaboraram Rodolfo Costa e Rosana Hessel<\/em><\/p>\n","protected":false},"excerpt":{"rendered":"<p>Coluna Bras\u00edlia-DF\/Por Carlos Alexandre de Souza A aus\u00eancia de uma pol\u00edtica de preserva\u00e7\u00e3o ambiental come\u00e7a a custar caro ao governo de Jair Bolsonaro. Em uma reuni\u00e3o com investidores nos Estados Unidos, um consultor relatou ao Correio o constrangimento que sentiu ao tentar convencer o capital estrangeiro a investir no pa\u00eds. Ficou n\u00edtida a preocupa\u00e7\u00e3o deles com a quest\u00e3o ambiental e [&hellip;]<\/p>\n","protected":false},"author":29,"featured_media":4583,"comment_status":"closed","ping_status":"closed","sticky":false,"template":"","format":"standard","meta":{"footnotes":""},"categories":[4],"tags":[],"class_list":["post-4582","post","type-post","status-publish","format-standard","has-post-thumbnail","hentry","category-coluna-brasilia-df"],"_links":{"self":[{"href":"https:\/\/blogs.correiobraziliense.com.br\/denise\/wp-json\/wp\/v2\/posts\/4582","targetHints":{"allow":["GET"]}}],"collection":[{"href":"https:\/\/blogs.correiobraziliense.com.br\/denise\/wp-json\/wp\/v2\/posts"}],"about":[{"href":"https:\/\/blogs.correiobraziliense.com.br\/denise\/wp-json\/wp\/v2\/types\/post"}],"author":[{"embeddable":true,"href":"https:\/\/blogs.correiobraziliense.com.br\/denise\/wp-json\/wp\/v2\/users\/29"}],"replies":[{"embeddable":true,"href":"https:\/\/blogs.correiobraziliense.com.br\/denise\/wp-json\/wp\/v2\/comments?post=4582"}],"version-history":[{"count":3,"href":"https:\/\/blogs.correiobraziliense.com.br\/denise\/wp-json\/wp\/v2\/posts\/4582\/revisions"}],"predecessor-version":[{"id":4587,"href":"https:\/\/blogs.correiobraziliense.com.br\/denise\/wp-json\/wp\/v2\/posts\/4582\/revisions\/4587"}],"wp:featuredmedia":[{"embeddable":true,"href":"https:\/\/blogs.correiobraziliense.com.br\/denise\/wp-json\/wp\/v2\/media\/4583"}],"wp:attachment":[{"href":"https:\/\/blogs.correiobraziliense.com.br\/denise\/wp-json\/wp\/v2\/media?parent=4582"}],"wp:term":[{"taxonomy":"category","embeddable":true,"href":"https:\/\/blogs.correiobraziliense.com.br\/denise\/wp-json\/wp\/v2\/categories?post=4582"},{"taxonomy":"post_tag","embeddable":true,"href":"https:\/\/blogs.correiobraziliense.com.br\/denise\/wp-json\/wp\/v2\/tags?post=4582"}],"curies":[{"name":"wp","href":"https:\/\/api.w.org\/{rel}","templated":true}]}}