{"id":4574,"date":"2019-12-05T08:10:15","date_gmt":"2019-12-05T11:10:15","guid":{"rendered":"https:\/\/blogs.correiobraziliense.com.br\/denise\/?p=4574"},"modified":"2019-12-05T08:10:15","modified_gmt":"2019-12-05T11:10:15","slug":"uso-politico-de-redes-sociais-sera-tema-de-seminario-no-ipea","status":"publish","type":"post","link":"https:\/\/blogs.correiobraziliense.com.br\/denise\/uso-politico-de-redes-sociais-sera-tema-de-seminario-no-ipea\/","title":{"rendered":"Uso pol\u00edtico de redes sociais ser\u00e1 tema de semin\u00e1rio no Ipea"},"content":{"rendered":"<h6><strong>Coluna Bras\u00edlia-DF\/Por Carlos Alexandre de Souza<\/strong><\/h6>\n<p>O Brasil \u00e9 pr\u00f3digo no uso pol\u00edtico de redes sociais, mas a democracia digital ainda \u00e9 um cen\u00e1rio distante. As fake news que tumultuaram as elei\u00e7\u00f5es e hoje provocam acusa\u00e7\u00f5es no Congresso s\u00e3o um efeito perverso de uma realidade na qual o cidad\u00e3o pode atuar politicamente no ambiente virtual, mas tem acesso restrito a servi\u00e7os p\u00fablicos on-line. Esses e outros temas far\u00e3o parte hoje e amanh\u00e3 do semin\u00e1rio Estado, Participa\u00e7\u00e3o e Democracia Digital na Era dos Dados, promovido pelo Instituto Nacional de Pesquisa Econ\u00f4mica Aplicada (Ipea) em Bras\u00edlia.<\/p>\n<p>A ideia \u00e9 aproximar pesquisadores e agentes p\u00fablicos que se dedicam \u00e0 transpar\u00eancia e ao interesse p\u00fablico na era da tecnologia da informa\u00e7\u00e3o. \u201cO Brasil precisa de mais integra\u00e7\u00e3o entre a academia e o governo\u201d, comenta Daniel Avelino, especialista em pol\u00edticas p\u00fablicas e gest\u00e3o governamental do Ipea. O interc\u00e2mbio sobre a e-democracia \u00e9 uma iniciativa para que a internet deixe de ser apenas um ringue virtual e de desinforma\u00e7\u00e3o e se torne uma plataforma efetiva por meio da qual o brasileiro possa fazer valer seus direitos junto ao poder p\u00fablico e \u00e0 sociedade civil.<\/p>\n<h2>\n<strong>Pastel na feira<\/strong><\/h2>\n<p>O presidente Jair Bolsonaro (sem partido) aproveitou a tarde de ontem sem compromissos oficiais na agenda para comer pastel de queijo na Feira dos Importados, no Setor de Ind\u00fastrias e Abastecimento (SIA). Ele passou pouco mais de 20 minutos no local. Ele disse que o passeio serviu para medir o term\u00f4metro na economia. \u201cEu senti como que est\u00e1 a popula\u00e7\u00e3o, n\u00e9? O n\u00famero de pessoas vindo aqui \u00e9 muito grande. \u00c9 sinal de que a economia est\u00e1 reagindo\u201d, disse.<\/p>\n<h2>\n<strong>Olho na educa\u00e7\u00e3o<\/strong><\/h2>\n<p>O resultado do Pisa divulgado na ter\u00e7a-feira, com um desempenho med\u00edocre dos estudantes brasileiros, promete acelerar os ajustes pol\u00edticos para colocar em vota\u00e7\u00e3o na Comiss\u00e3o Especial a PEC 15\/2015. A proposta de emenda constitucional defende a ado\u00e7\u00e3o permanente do Fundo de Manuten\u00e7\u00e3o e Desenvolvimento da Educa\u00e7\u00e3o B\u00e1sica e de Valoriza\u00e7\u00e3o dos Profissionais da Educa\u00e7\u00e3o (Fundeb). O presidente do colegiado, Bacelar (Podemos-BA), acredita na possibilidade de construir acordo com as lideran\u00e7as para votar o texto nas primeiras sess\u00f5es legislativas do pr\u00f3ximo ano, em fevereiro.<\/p>\n<h2>\n<strong>Olho na Educa\u00e7\u00e3o II<\/strong><\/h2>\n<p>A Comiss\u00e3o de Educa\u00e7\u00e3o da C\u00e2mara dos Deputados aprovou, por 24 votos a 8, a convoca\u00e7\u00e3o do ministro da Educa\u00e7\u00e3o, Abraham Weintraub. O motivo da convoca\u00e7\u00e3o s\u00e3o os ataques do titular do MEC \u00e0s universidades, onde Weintraub disse haver \u201cplanta\u00e7\u00f5es extensivas\u201d de maconha.<\/p>\n<h2>\n<strong>Cada um na sua<\/strong><\/h2>\n<p>No CB Poder de ontem, a deputada federal Bia Kices (PSL-DF) saiu em defesa das escolhas pol\u00eamicas do governo na \u00e1rea de cultura. Disse concordar com o argumento de que o Brasil n\u00e3o \u00e9 um pa\u00eds racista, como defende S\u00e9rgio Camargo, que teve a nomea\u00e7\u00e3o para a Funda\u00e7\u00e3o Palmares suspensa pela Justi\u00e7a federal. Mas lembrou que, como parlamentar, tem outros interesses, como a pris\u00e3o em segunda inst\u00e2ncia. \u201cGostaria de ser confrontada pelas minhas ideias\u201d, disse.<\/p>\n<h2>\n<strong>Desconforto para desafetos\u2026<\/strong><\/h2>\n<p>Na briga por emendas parlamentares entre o Congresso e o Planalto, a ala \u201cbivarista\u201d do PSL ser\u00e1 uma das \u00faltimas a receber recursos, se depender da orienta\u00e7\u00e3o do ministro Onyx Lorenzoni, ministro-chefe da Casa Civil. Deputados ligados a Bivar e seus representantes est\u00e3o tomando ch\u00e1 de cadeira em minist\u00e9rios estrat\u00e9gicos, como da Sa\u00fade e Educa\u00e7\u00e3o, e ainda ouvindo que n\u00e3o h\u00e1 previs\u00e3o de libera\u00e7\u00e3o dos recursos. Fora a burocracia para agendar uma reuni\u00e3o, que demanda entre 15 a 20 dias de espera.<\/p>\n<h2>\n<strong>\u2026 e aliados<\/strong><\/h2>\n<p>Os deputados advertidos e suspensos do PSL, alinhados a Eduardo Bolsonaro, tamb\u00e9m est\u00e3o a ver navios. Uma preocupa\u00e7\u00e3o redobrada para parlamentares que, por ora, projetam campanhas eleitorais t\u00edmidas para 2020. Os parlamentares admitem que n\u00e3o conseguir\u00e3o levar suas respectivas partes do fundo partid\u00e1rio para estruturar campanhas para as elei\u00e7\u00f5es municipais, mas esperam as emendas para estruturar minimamente suas bases.<\/p>\n<blockquote><p><em>&#8220;O senhor nos convoca a sermos melhores, a tentarmos exercitar a melhor vers\u00e3o de n\u00f3s mesmos\u201d<\/em><\/p><\/blockquote>\n<p style=\"text-align: right\"><strong>Luciano Huck,apresentador de TV, durante o lan\u00e7amento do Instituto General Villas B\u00f4as, ontem em Bras\u00edlia. Cotado para se candidatar \u00e0 Presid\u00eancia da Rep\u00fablica em 2018, Huck \u00e9 amigo pessoal do militar. O IGVB \u00e9 voltado a iniciativas inovadoras para pessoas com doen\u00e7as cr\u00f4nicas e raras.<\/strong><\/p>\n<h2>\n<strong>Transporte equiparado<\/strong><\/h2>\n<p>Autor do requerimento que convocou audi\u00eancia p\u00fablica para a discuss\u00e3o da seguran\u00e7a de usu\u00e1rios e motoristas de aplicativos de transporte, o deputado Luis Miranda (DEM-DF) quer continuar mantendo o tema em pauta. O parlamentar prepara um projeto de lei para estender os direitos de taxistas aos condutores que comprovarem pelo menos 12 meses de trabalho exclusivo nos aplicativos. A ideia \u00e9 possibilitar a dire\u00e7\u00e3o em faixas exclusivas e compra de carros com isen\u00e7\u00e3o tribut\u00e1ria.<\/p>\n<p><em>Colaboraram Ingrid Soares e Rodolfo Costa<\/em><\/p>\n","protected":false},"excerpt":{"rendered":"<p>Coluna Bras\u00edlia-DF\/Por Carlos Alexandre de Souza O Brasil \u00e9 pr\u00f3digo no uso pol\u00edtico de redes sociais, mas a democracia digital ainda \u00e9 um cen\u00e1rio distante. As fake news que tumultuaram as elei\u00e7\u00f5es e hoje provocam acusa\u00e7\u00f5es no Congresso s\u00e3o um efeito perverso de uma realidade na qual o cidad\u00e3o pode atuar politicamente no ambiente virtual, mas tem acesso restrito a [&hellip;]<\/p>\n","protected":false},"author":29,"featured_media":4575,"comment_status":"closed","ping_status":"closed","sticky":false,"template":"","format":"standard","meta":{"footnotes":""},"categories":[4],"tags":[],"class_list":["post-4574","post","type-post","status-publish","format-standard","has-post-thumbnail","hentry","category-coluna-brasilia-df"],"_links":{"self":[{"href":"https:\/\/blogs.correiobraziliense.com.br\/denise\/wp-json\/wp\/v2\/posts\/4574","targetHints":{"allow":["GET"]}}],"collection":[{"href":"https:\/\/blogs.correiobraziliense.com.br\/denise\/wp-json\/wp\/v2\/posts"}],"about":[{"href":"https:\/\/blogs.correiobraziliense.com.br\/denise\/wp-json\/wp\/v2\/types\/post"}],"author":[{"embeddable":true,"href":"https:\/\/blogs.correiobraziliense.com.br\/denise\/wp-json\/wp\/v2\/users\/29"}],"replies":[{"embeddable":true,"href":"https:\/\/blogs.correiobraziliense.com.br\/denise\/wp-json\/wp\/v2\/comments?post=4574"}],"version-history":[{"count":1,"href":"https:\/\/blogs.correiobraziliense.com.br\/denise\/wp-json\/wp\/v2\/posts\/4574\/revisions"}],"predecessor-version":[{"id":4576,"href":"https:\/\/blogs.correiobraziliense.com.br\/denise\/wp-json\/wp\/v2\/posts\/4574\/revisions\/4576"}],"wp:featuredmedia":[{"embeddable":true,"href":"https:\/\/blogs.correiobraziliense.com.br\/denise\/wp-json\/wp\/v2\/media\/4575"}],"wp:attachment":[{"href":"https:\/\/blogs.correiobraziliense.com.br\/denise\/wp-json\/wp\/v2\/media?parent=4574"}],"wp:term":[{"taxonomy":"category","embeddable":true,"href":"https:\/\/blogs.correiobraziliense.com.br\/denise\/wp-json\/wp\/v2\/categories?post=4574"},{"taxonomy":"post_tag","embeddable":true,"href":"https:\/\/blogs.correiobraziliense.com.br\/denise\/wp-json\/wp\/v2\/tags?post=4574"}],"curies":[{"name":"wp","href":"https:\/\/api.w.org\/{rel}","templated":true}]}}