{"id":4563,"date":"2019-12-02T08:05:48","date_gmt":"2019-12-02T11:05:48","guid":{"rendered":"https:\/\/blogs.correiobraziliense.com.br\/denise\/?p=4563"},"modified":"2019-12-02T08:05:48","modified_gmt":"2019-12-02T11:05:48","slug":"grupo-politico-estuda-chapeu-no-governo-em-projetos-culturais","status":"publish","type":"post","link":"https:\/\/blogs.correiobraziliense.com.br\/denise\/grupo-politico-estuda-chapeu-no-governo-em-projetos-culturais\/","title":{"rendered":"Grupo pol\u00edtico estuda \u201cchap\u00e9u\u201d no governo em projetos culturais"},"content":{"rendered":"<h6><strong>Coluna Bras\u00edlia-DF<\/strong><\/h6>\n<p>A obrigatoriedade de libera\u00e7\u00e3o das emendas de bancada por parte do Poder Executivo levou um grupo de pol\u00edticos a estudar uma forma de manter os financiamentos de projetos culturais diversificados, sem necessariamente precisar passar pelo crivo da secretaria vinculada ao governo federal. A medida \u00e9 para evitar que projetos apresentados por quem n\u00e3o votou em Jair Bolsonaro terminem perseguidos pelo governo.<\/p>\n<p>Paralelamente, o l\u00edder do governo no Congresso, senador Eduardo Gomes, ligado aos movimentos de defesa do cinema brasileiro, avisa que, primeiro, \u00e9 preciso saber o que vem da parte do Executivo. \u201cN\u00e3o d\u00e1 para ficar criticando sem saber o que as pessoas que assumiram pretendem fazer. Da minha parte, vou gastar energia tentando achar um plano executivo de investimento em cultura, um modelo democr\u00e1tico, inclusive com um conselho voltado \u00e0 cultura popular\u201d, diz ele. A queda de bra\u00e7o nessa \u00e1rea n\u00e3o vai terminar t\u00e3o cedo.<\/p>\n<h2><strong>Modus Operandi 2020<\/strong><\/h2>\n<p>Diante do que se ouve dos pol\u00edticos, seja na \u00e1rea cultural ou em outras searas, est\u00e1 cada vez mais claro que o que o Congresso fez em rela\u00e7\u00e3o \u00e0 reforma tribut\u00e1ria ser\u00e1 repetido em todos os campos a partir do ano que vem. Ou seja, come\u00e7ar a discutir os temas de interesse do pa\u00eds, sem esperar que o governo federal tome a iniciativa.<\/p>\n<h2>\n<strong>Vale para tudo<\/strong><\/h2>\n<p>A estrat\u00e9gia vale para a \u00e1rea social, que j\u00e1 tem agenda e grupo de trabalho presidido pela deputada T\u00e1bata Amaral (PDT-SP). Vale para a tribut\u00e1ria, que o governo chega atrasado. Vale para a cultura. E, agora, vai se consolidar tamb\u00e9m na defini\u00e7\u00e3o das prioridades de investimento p\u00fablico. N\u00e3o por acaso, a coluna alertou, no in\u00edcio do ano, que a obrigatoriedade de libera\u00e7\u00e3o das emendas mudaria a forma de o Congresso se relacionar com o Poder Executivo e daria aos parlamentares a prefer\u00eancia de escolha das prioridades do pa\u00eds. Agora, est\u00e1 na hora de colher os primeiros resultados.<\/p>\n<h2>\n<strong>Bolsonaro social I<\/strong><\/h2>\n<p>O presidente Jair Bolsonaro est\u00e1 decidido a mostrar servi\u00e7o na \u00e1rea social, a fim de n\u00e3o deixar que o PT tente jogar a popula\u00e7\u00e3o mais pobre contra o governo. O capit\u00e3o quer ainda evitar que se consolide uma imagem de que a gest\u00e3o est\u00e1 parada nessa \u00e1rea, enquanto o presidente da C\u00e2mara, Rodrigo Maia, ganha protagonismo.<\/p>\n<h2><strong>Bolsonaro social II<\/strong><\/h2>\n<p>Prova dessa vontade do presidente s\u00e3o as crescentes solenidades voltadas a a\u00e7\u00f5es sociais dentro e fora do Planalto. Nesta segunda-feira, por exemplo, ele abre a semana com um evento na Caixa voltado a pessoas com defici\u00eancia, o \u201cBanco da Inclus\u00e3o\u201d, ao lado da primeira-dama, Michelle Bolsonaro. E fecha o dia com uma solenidade do Dia Internacional do Voluntariado, no Planalto, tamb\u00e9m com a participa\u00e7\u00e3o de Michelle.<\/p>\n<h2>\n<strong><em>CURTIDAS<\/em><\/strong><\/h2>\n<p><strong>Lim\u00e3o &amp; limonada\/<\/strong> O deputado Eduardo Bolsonaro j\u00e1 tem a estrat\u00e9gia para o Conselho de \u00c9tica. Segundo seus mais fi\u00e9is escudeiros, dir\u00e1 que, como o pai, s\u00f3 foi parar l\u00e1 por palavras, enquanto outros foram por \u201ccorrup\u00e7\u00e3o\u201d.<\/p>\n<p><strong>Sempre na cobran\u00e7a\/<\/strong> As excel\u00eancias ainda n\u00e3o se deram por satisfeitas com a acelera\u00e7\u00e3o no pagamento das emendas ao Or\u00e7amento. Querem mesmo s\u00e3o os cargos.<\/p>\n<p><strong>Vou ali\/<\/strong> Esta semana, fa\u00e7o uma pausa aqui, para acompanhar as novidades da alta tecnologia no evento da Amazon Web Services (AWS). Na volta, conto tudo!<\/p>\n","protected":false},"excerpt":{"rendered":"<p>Coluna Bras\u00edlia-DF A obrigatoriedade de libera\u00e7\u00e3o das emendas de bancada por parte do Poder Executivo levou um grupo de pol\u00edticos a estudar uma forma de manter os financiamentos de projetos culturais diversificados, sem necessariamente precisar passar pelo crivo da secretaria vinculada ao governo federal. A medida \u00e9 para evitar que projetos apresentados por quem n\u00e3o votou em Jair Bolsonaro terminem [&hellip;]<\/p>\n","protected":false},"author":29,"featured_media":4565,"comment_status":"closed","ping_status":"closed","sticky":false,"template":"","format":"standard","meta":{"footnotes":""},"categories":[4],"tags":[],"class_list":["post-4563","post","type-post","status-publish","format-standard","has-post-thumbnail","hentry","category-coluna-brasilia-df"],"_links":{"self":[{"href":"https:\/\/blogs.correiobraziliense.com.br\/denise\/wp-json\/wp\/v2\/posts\/4563","targetHints":{"allow":["GET"]}}],"collection":[{"href":"https:\/\/blogs.correiobraziliense.com.br\/denise\/wp-json\/wp\/v2\/posts"}],"about":[{"href":"https:\/\/blogs.correiobraziliense.com.br\/denise\/wp-json\/wp\/v2\/types\/post"}],"author":[{"embeddable":true,"href":"https:\/\/blogs.correiobraziliense.com.br\/denise\/wp-json\/wp\/v2\/users\/29"}],"replies":[{"embeddable":true,"href":"https:\/\/blogs.correiobraziliense.com.br\/denise\/wp-json\/wp\/v2\/comments?post=4563"}],"version-history":[{"count":1,"href":"https:\/\/blogs.correiobraziliense.com.br\/denise\/wp-json\/wp\/v2\/posts\/4563\/revisions"}],"predecessor-version":[{"id":4566,"href":"https:\/\/blogs.correiobraziliense.com.br\/denise\/wp-json\/wp\/v2\/posts\/4563\/revisions\/4566"}],"wp:featuredmedia":[{"embeddable":true,"href":"https:\/\/blogs.correiobraziliense.com.br\/denise\/wp-json\/wp\/v2\/media\/4565"}],"wp:attachment":[{"href":"https:\/\/blogs.correiobraziliense.com.br\/denise\/wp-json\/wp\/v2\/media?parent=4563"}],"wp:term":[{"taxonomy":"category","embeddable":true,"href":"https:\/\/blogs.correiobraziliense.com.br\/denise\/wp-json\/wp\/v2\/categories?post=4563"},{"taxonomy":"post_tag","embeddable":true,"href":"https:\/\/blogs.correiobraziliense.com.br\/denise\/wp-json\/wp\/v2\/tags?post=4563"}],"curies":[{"name":"wp","href":"https:\/\/api.w.org\/{rel}","templated":true}]}}