{"id":4553,"date":"2019-11-29T08:27:16","date_gmt":"2019-11-29T11:27:16","guid":{"rendered":"https:\/\/blogs.correiobraziliense.com.br\/denise\/?p=4553"},"modified":"2019-11-29T09:21:25","modified_gmt":"2019-11-29T12:21:25","slug":"reabertura-do-caso-flavio-bolsonaro-preocupa-planalto","status":"publish","type":"post","link":"https:\/\/blogs.correiobraziliense.com.br\/denise\/reabertura-do-caso-flavio-bolsonaro-preocupa-planalto\/","title":{"rendered":"Reabertura do caso Fl\u00e1vio Bolsonaro preocupa Planalto"},"content":{"rendered":"<h6><strong>Coluna Bras\u00edlia-DF<\/strong><\/h6>\n<p>Assessores palacianos j\u00e1 se preparam para aumentar o estoque de comprimidos contra dor de cabe\u00e7a. \u00c9 que, ali, no QG das decis\u00f5es governamentais, h\u00e1 a certeza de que o senador Fl\u00e1vio Bolsonaro (PSL-RJ) ser\u00e1 o mais exposto com a libera\u00e7\u00e3o do compartilhamento de dados pela Receita Federal e tamb\u00e9m da Unidade de Informa\u00e7\u00f5es Financeiras (UIF), sucessora do Coaf. No papel de vice-presidente do Alian\u00e7a pelo Brasil, Fl\u00e1vio Bolsonaro \u00e9 hoje considerado pe\u00e7a-chave nos planos pol\u00edticos de seu pai e tem sido voz ativa em defesa do governo no Senado.<\/p>\n<p>S\u00f3 o fato de reabrir a investiga\u00e7\u00e3o j\u00e1 ser\u00e1 motivo de desgaste, especialmente em ano eleitoral. O senador jurou a seus colegas no Senado que n\u00e3o tem rela\u00e7\u00e3o com as movimenta\u00e7\u00f5es do ex-assessor Fabr\u00edcio Queiroz e negou qualquer participa\u00e7\u00e3o em esquema de \u201crachadinhas\u201d (quando os funcion\u00e1rios de um gabinete s\u00e3o obrigados a entregar parte do sal\u00e1rio a outra pessoa). O presidente Bolsonaro, entretanto, promete seguir nas duas linhas, que adotou desde o in\u00edcio: a de que Fl\u00e1vio \u00e9 investigado para tentar atingi-lo e a de que quem n\u00e3o deve, n\u00e3o teme.<\/p>\n<h2><strong>E o governo \u201cDilmou\u201d<\/strong><\/h2>\n<p>Apesar da nota cautelosa da Febraban, a turma dos bancos n\u00e3o ficou nada satisfeita com o tabelamento de juros do cheque especial. Jamais esperava essa atitude de um governo que, no ano passado, criticou a presidente Dilma Rousseff por ela ter decidido baixar os juros na marra.<\/p>\n<h2><strong>\u201cMata-mata\u201d<\/strong><\/h2>\n<p>\u00c9 assim que muita gente atenta aos projetos do Congresso tem se referido \u00e0s propostas de emendas constitucionais, que o ministro da Economia, Paulo Guedes, enviou ao Congresso, at\u00e9 dentro do pr\u00f3prio governo. Mata-mata \u00e9 um quel\u00f4nio amea\u00e7ado de extin\u00e7\u00e3o que habita a Amaz\u00f4nia. S\u00e3o grandes jabutis colocados para serem retirados.<\/p>\n<h2><strong>O grande primo do jabuti<\/strong><\/h2>\n<p>Um dos maiores quel\u00f4nios no texto que Guedes enviou na PEC Emergencial \u00e9 a redu\u00e7\u00e3o de sal\u00e1rios de servidores em 25%. Ainda que haja redu\u00e7\u00e3o da jornada, a avalia\u00e7\u00e3o dos partidos que ajudam o governo \u00e9 a de que n\u00e3o passa.<\/p>\n<p><strong>Moro, o pr\u00f3ximo tema<\/strong><\/p>\n<p>Passado o julgamento do compartilhamento de dados e da segunda inst\u00e2ncia, o pr\u00f3ximo grande tema no Supremo Tribunal Federal, que o Minist\u00e9rio P\u00fablico e a Lava-Jato acompanham com uma lupa, \u00e9 a suspei\u00e7\u00e3o do ex-juiz S\u00e9rgio Moro. O PT pressiona para que seja julgado este ano. No partido, h\u00e1 a certeza de que, se o STF julgar o atual ministro da Justi\u00e7a, suspeito no caso Lula, o ex-presidente deixar\u00e1 de ser tratado como criminoso. Hoje, depois de duas condena\u00e7\u00f5es, por mais que Lula diga que \u00e9 inocente, sempre haver\u00e1 quem o considere culpado.<\/p>\n<p><strong>Depois do pr\u00e9-sal&#8230;\/<\/strong> O ministro da Casa Civil, Onyx Lorenzoni, passou por Londres, Mil\u00e3o, est\u00e1 em Moscou e segue ainda hoje para Berlim, a fim de encontrar o ministro da Infraestrutura, Tarc\u00edsio de Freitas. A miss\u00e3o \u00e9 apresentar as oportunidades de neg\u00f3cios no Brasil a megainvestidores estrangeiros. Entre quatro paredes, h\u00e1 quem diga que, depois da frustra\u00e7\u00e3o com os leil\u00f5es do petr\u00f3leo, todo cuidado \u00e9 pouco.<\/p>\n<p><strong>Quem manda\/<\/strong> O presidente Jair Bolsonaro pretende passar o ano-novo no Forte dos Andradas, no Guaruj\u00e1, onde funciona o comando da brigada de artilharia antia\u00e9rea. Mas, quem vai decidir o destino da fam\u00edlia para as festas de fim de ano, ser\u00e1 a primeira-dama, Michelle Bolsonaro, <a href=\"https:\/\/www.correiobraziliense.com.br\/app\/noticia\/politica\/2019\/11\/28\/interna_politica,810007\/michelle-invade-live-de-bolsonaro-para-comemorar-12-anos-de-casame.shtml\">que ontem invadiu a live do marido para comemorar 12 anos de casados<\/a>.<\/p>\n<p><strong>Come\u00e7ou a desacelera\u00e7\u00e3o\/<\/strong> Passada a reuni\u00e3o do Mercosul em Bento Gon\u00e7alves na semana que vem, alguns integrantes do primeiro escal\u00e3o devem tirar uns dias de f\u00e9rias. Entre eles, o chefe do Gabinete de Seguran\u00e7a Institucional, general Augusto Heleno.<\/p>\n<p><strong>Nordestinos irados\/<\/strong> A cita\u00e7\u00e3o em manchetes de sites de S\u00e3o Paulo a respeito do \u00f3leo venezuelano em praias do Rio de Janeiro virou not\u00edcia no WhatsApp, onde foi usada a express\u00e3o \u201c\u00f3leo do Nordeste\u201d chega ao litoral do Rio sem causar estrago ambiental. Ora, o \u00f3leo \u00e9 venezuelano. #ficaadica para a turma de S\u00e3o Paulo.<\/p>\n","protected":false},"excerpt":{"rendered":"<p>Coluna Bras\u00edlia-DF Assessores palacianos j\u00e1 se preparam para aumentar o estoque de comprimidos contra dor de cabe\u00e7a. \u00c9 que, ali, no QG das decis\u00f5es governamentais, h\u00e1 a certeza de que o senador Fl\u00e1vio Bolsonaro (PSL-RJ) ser\u00e1 o mais exposto com a libera\u00e7\u00e3o do compartilhamento de dados pela Receita Federal e tamb\u00e9m da Unidade de Informa\u00e7\u00f5es Financeiras (UIF), sucessora do Coaf. [&hellip;]<\/p>\n","protected":false},"author":29,"featured_media":4554,"comment_status":"closed","ping_status":"closed","sticky":false,"template":"","format":"standard","meta":{"footnotes":""},"categories":[4],"tags":[],"class_list":["post-4553","post","type-post","status-publish","format-standard","has-post-thumbnail","hentry","category-coluna-brasilia-df"],"_links":{"self":[{"href":"https:\/\/blogs.correiobraziliense.com.br\/denise\/wp-json\/wp\/v2\/posts\/4553","targetHints":{"allow":["GET"]}}],"collection":[{"href":"https:\/\/blogs.correiobraziliense.com.br\/denise\/wp-json\/wp\/v2\/posts"}],"about":[{"href":"https:\/\/blogs.correiobraziliense.com.br\/denise\/wp-json\/wp\/v2\/types\/post"}],"author":[{"embeddable":true,"href":"https:\/\/blogs.correiobraziliense.com.br\/denise\/wp-json\/wp\/v2\/users\/29"}],"replies":[{"embeddable":true,"href":"https:\/\/blogs.correiobraziliense.com.br\/denise\/wp-json\/wp\/v2\/comments?post=4553"}],"version-history":[{"count":2,"href":"https:\/\/blogs.correiobraziliense.com.br\/denise\/wp-json\/wp\/v2\/posts\/4553\/revisions"}],"predecessor-version":[{"id":4556,"href":"https:\/\/blogs.correiobraziliense.com.br\/denise\/wp-json\/wp\/v2\/posts\/4553\/revisions\/4556"}],"wp:featuredmedia":[{"embeddable":true,"href":"https:\/\/blogs.correiobraziliense.com.br\/denise\/wp-json\/wp\/v2\/media\/4554"}],"wp:attachment":[{"href":"https:\/\/blogs.correiobraziliense.com.br\/denise\/wp-json\/wp\/v2\/media?parent=4553"}],"wp:term":[{"taxonomy":"category","embeddable":true,"href":"https:\/\/blogs.correiobraziliense.com.br\/denise\/wp-json\/wp\/v2\/categories?post=4553"},{"taxonomy":"post_tag","embeddable":true,"href":"https:\/\/blogs.correiobraziliense.com.br\/denise\/wp-json\/wp\/v2\/tags?post=4553"}],"curies":[{"name":"wp","href":"https:\/\/api.w.org\/{rel}","templated":true}]}}