{"id":4548,"date":"2019-11-28T08:40:59","date_gmt":"2019-11-28T11:40:59","guid":{"rendered":"https:\/\/blogs.correiobraziliense.com.br\/denise\/?p=4548"},"modified":"2019-11-28T08:40:59","modified_gmt":"2019-11-28T11:40:59","slug":"haddad-vira-quinta-opcao-de-candidato-a-presidencia-do-pt","status":"publish","type":"post","link":"https:\/\/blogs.correiobraziliense.com.br\/denise\/haddad-vira-quinta-opcao-de-candidato-a-presidencia-do-pt\/","title":{"rendered":"Haddad vira quinta op\u00e7\u00e3o do PT de candidato \u00e0 presid\u00eancia"},"content":{"rendered":"<h6><strong>Coluna Bras\u00edlia-DF<\/strong><\/h6>\n<p>Com o ex-presidente Lula condenado em segunda inst\u00e2ncia mais uma vez, cresce entre os petistas a certeza de que a \u00fanica sa\u00edda para tornar Lula candidato \u00e9 conseguir anular as condena\u00e7\u00f5es no Supremo. H\u00e1, inclusive, quem diga que o fato de o TRF-4 ter estipulado a pena de 17 anos pode ajudar. Afinal, criminosos mais perigosos que o petista j\u00e1 receberam penas menores.<\/p>\n<h2><strong>E o plano B<\/strong><\/h2>\n<p>Se Lula n\u00e3o puder ser candidato, ser\u00e1 chamado o detentor da \u201csenha 02\u201d, hoje, nas m\u00e3os dos baianos \u2014 no caso do governador da Bahia, Rui Costa, ou o senador Jaques Wagner.<\/p>\n<h2><strong>Haddad \u00e9 05<\/strong><\/h2>\n<p>Depois dos baianos, segue a fila com os governadores do Cear\u00e1, Camillo Santana; e do Maranh\u00e3o, Fl\u00e1vio Dino (PCdoB), que, embora n\u00e3o seja petista, \u00e9 visto como uma boa op\u00e7\u00e3o. Depois de todos esses \u00e9 que uma ala do PT inclui Fernando Haddad, o ex-prefeito de S\u00e3o Paulo.<\/p>\n<h2><strong>Papai Noel, coelhinho da P\u00e1scoa, fada dos dentes&#8230;<\/strong><\/h2>\n<p>O fato de os petistas colocarem Haddad com a senha n\u00famero 05, dizem alguns, tem um objetivo: lev\u00e1-lo a concorrer \u00e0 Prefeitura de S\u00e3o Paulo. Assim, se perder, o partido ficaria em d\u00edvida com o candidato. Ah\u00e3.<\/p>\n","protected":false},"excerpt":{"rendered":"<p>Coluna Bras\u00edlia-DF Com o ex-presidente Lula condenado em segunda inst\u00e2ncia mais uma vez, cresce entre os petistas a certeza de que a \u00fanica sa\u00edda para tornar Lula candidato \u00e9 conseguir anular as condena\u00e7\u00f5es no Supremo. H\u00e1, inclusive, quem diga que o fato de o TRF-4 ter estipulado a pena de 17 anos pode ajudar. Afinal, criminosos mais perigosos que o [&hellip;]<\/p>\n","protected":false},"author":29,"featured_media":4551,"comment_status":"closed","ping_status":"closed","sticky":false,"template":"","format":"standard","meta":{"footnotes":""},"categories":[4],"tags":[],"class_list":["post-4548","post","type-post","status-publish","format-standard","has-post-thumbnail","hentry","category-coluna-brasilia-df"],"_links":{"self":[{"href":"https:\/\/blogs.correiobraziliense.com.br\/denise\/wp-json\/wp\/v2\/posts\/4548","targetHints":{"allow":["GET"]}}],"collection":[{"href":"https:\/\/blogs.correiobraziliense.com.br\/denise\/wp-json\/wp\/v2\/posts"}],"about":[{"href":"https:\/\/blogs.correiobraziliense.com.br\/denise\/wp-json\/wp\/v2\/types\/post"}],"author":[{"embeddable":true,"href":"https:\/\/blogs.correiobraziliense.com.br\/denise\/wp-json\/wp\/v2\/users\/29"}],"replies":[{"embeddable":true,"href":"https:\/\/blogs.correiobraziliense.com.br\/denise\/wp-json\/wp\/v2\/comments?post=4548"}],"version-history":[{"count":1,"href":"https:\/\/blogs.correiobraziliense.com.br\/denise\/wp-json\/wp\/v2\/posts\/4548\/revisions"}],"predecessor-version":[{"id":4552,"href":"https:\/\/blogs.correiobraziliense.com.br\/denise\/wp-json\/wp\/v2\/posts\/4548\/revisions\/4552"}],"wp:featuredmedia":[{"embeddable":true,"href":"https:\/\/blogs.correiobraziliense.com.br\/denise\/wp-json\/wp\/v2\/media\/4551"}],"wp:attachment":[{"href":"https:\/\/blogs.correiobraziliense.com.br\/denise\/wp-json\/wp\/v2\/media?parent=4548"}],"wp:term":[{"taxonomy":"category","embeddable":true,"href":"https:\/\/blogs.correiobraziliense.com.br\/denise\/wp-json\/wp\/v2\/categories?post=4548"},{"taxonomy":"post_tag","embeddable":true,"href":"https:\/\/blogs.correiobraziliense.com.br\/denise\/wp-json\/wp\/v2\/tags?post=4548"}],"curies":[{"name":"wp","href":"https:\/\/api.w.org\/{rel}","templated":true}]}}