{"id":4538,"date":"2019-11-26T08:25:35","date_gmt":"2019-11-26T11:25:35","guid":{"rendered":"https:\/\/blogs.correiobraziliense.com.br\/denise\/?p=4538"},"modified":"2019-11-26T08:25:35","modified_gmt":"2019-11-26T11:25:35","slug":"governo-apostara-na-polarizacao-com-o-pt-no-balanco-do-primeiro-ano","status":"publish","type":"post","link":"https:\/\/blogs.correiobraziliense.com.br\/denise\/governo-apostara-na-polarizacao-com-o-pt-no-balanco-do-primeiro-ano\/","title":{"rendered":"Governo apostar\u00e1 na polariza\u00e7\u00e3o com o PT no balan\u00e7o do primeiro ano"},"content":{"rendered":"<h6><strong>Coluna Bras\u00edlia-DF<\/strong><\/h6>\n<p>O governo do presidente Jair Bolsonaro come\u00e7ou a preparar os relat\u00f3rios de balan\u00e7o do primeiro ano de gest\u00e3o. A reforma da Previd\u00eancia entrar\u00e1, mas n\u00e3o ser\u00e1 o item principal. A ordem \u00e9 dar destaque \u00e0 conclus\u00e3o de obras na \u00e1rea de infraestrutura e tudo o que o governo fez com menos recursos dispon\u00edveis em compara\u00e7\u00e3o ao tempo petista.<\/p>\n<p>Assim, at\u00e9 na hora de apresentar os dados, o governo apostar\u00e1 na polariza\u00e7\u00e3o com o PT, considerado o caminho mais seguro para manter a popula\u00e7\u00e3o que elegeu o presidente fiel ao Poder Executivo. Afinal, se deu certo na elei\u00e7\u00e3o, dar\u00e1 no governo.<\/p>\n<h2>\n<strong>Anvisa loteada?<\/strong><\/h2>\n<p>O almirante Barra Torres ser\u00e1 o presidente da Ag\u00eancia, mas as diretorias, avisam alguns l\u00edderes, devem ser reservadas ao MDB, que, aos poucos, vai se aproximando do governo. J\u00e1 tem dois l\u00edderes, o do Senado, Fernando Bezerra Coelho, e o do Congresso, Eduardo Gomes. Falta o espa\u00e7o no Executivo. E esse espa\u00e7o vir\u00e1.<\/p>\n<h2><strong>Cedo demais<\/strong><\/h2>\n<p>O PT s\u00f3 vai entrar no \u201cFora Bolsonaro\u201d se os movimentos sociais seguirem essa linha. Por enquanto, essa bandeira est\u00e1 enrolada na gaveta.<\/p>\n<h2>\n<strong>Rua estreita<\/strong><\/h2>\n<p>A reelei\u00e7\u00e3o de Gleisi Hoffmann para presidir o PT foi vista pelos partidos de esquerda e seus aliados como a certeza de que o partido do ex-presidente Lula vai continuar com o slogan Lula Livre, sem qualquer altera\u00e7\u00e3o de natureza program\u00e1tica. O risco \u00e9 o partido falar de si para si mesmo, sem conseguir agregar mais votos para vencer os advers\u00e1rios.<\/p>\n<h2>\n<strong>N\u00e3o \u00e9 com eles&#8230;<\/strong><\/h2>\n<p>Conforme a coluna antecipou, semana passada, a vota\u00e7\u00e3o de hoje no Tribunal Superior Eleitoral nada tem a ver com o Alian\u00e7a pelo Brasil, o novo partido de Bolsonaro. Eles n\u00e3o querem saber de assinatura digital para buscar as 500 mil assinaturas para funda\u00e7\u00e3o do partido. Querem, sim, a biometria, como foi dito pela coluna na \u00faltima sexta-feira.<\/p>\n<h2>\n<strong>\u2026 e \u00e9 demorado<\/strong><\/h2>\n<p>O sistema biom\u00e9trico de apoiamento ainda n\u00e3o est\u00e1 integrado ao sistema do TSE. E at\u00e9 isso ser feito, certamente, dizem alguns especialistas nesse ramo, a elei\u00e7\u00e3o de 2020 ser\u00e1 coisa do passado.<\/p>\n<p><strong>Recordista\/<\/strong> A Medida Provis\u00f3ria 905, que trata dos novos tipo de contrato de trabalho para jovens de 18 a 29 anos, promete bater o recorde em pedidos de emendas. S\u00f3 o deputado T\u00falio Gadelha (PDT-PE) apresentou 38 emendas ao texto.<\/p>\n<p><strong>Calligaris em Bras\u00edlia\/<\/strong> O hospital S\u00edrio-Liban\u00eas promove hoje palestra com o psicanalista italiano Contardo Calligaris, que se tornou famoso pela observa\u00e7\u00e3o de dois fen\u00f4menos: a busca pela felicidade e a supervaloriza\u00e7\u00e3o da inf\u00e2ncia. No B Hotel, a partir de 19h30.<\/p>\n<p><strong>Eventos n\u00e3o faltam\/<\/strong> O <strong>Correio Braziliense<\/strong> promove mais um Correio Debate, no audit\u00f3rio do jornal, 14h30, \u201cDesafios para 2020 &#8211; O Brasil que nos aguarda\u201d, em parceria com o Sebrae, as faculdades Mackenzie, e Buser. O debate come\u00e7a \u00e0s 14h30. No meio da tarde, \u00e0s 15h30, participa\u00e7\u00e3o especial do presidente da C\u00e2mara, Rodrigo Maia, que apresentar\u00e1 suas perspectivas para o pr\u00f3ximo ano.<\/p>\n<p><strong>Trapa\u00e7a na P\u00e2tissier\/<\/strong> Trapa\u00e7a, de Lu\u00eds Costa Pinto, sobre os bastidores do governo Collor, tem lan\u00e7amento especial hoje, no caf\u00e9 Daniel Briand, na comercial da 104 Norte, a partir das 18h30.<\/p>\n","protected":false},"excerpt":{"rendered":"<p>Coluna Bras\u00edlia-DF O governo do presidente Jair Bolsonaro come\u00e7ou a preparar os relat\u00f3rios de balan\u00e7o do primeiro ano de gest\u00e3o. A reforma da Previd\u00eancia entrar\u00e1, mas n\u00e3o ser\u00e1 o item principal. A ordem \u00e9 dar destaque \u00e0 conclus\u00e3o de obras na \u00e1rea de infraestrutura e tudo o que o governo fez com menos recursos dispon\u00edveis em compara\u00e7\u00e3o ao tempo petista. [&hellip;]<\/p>\n","protected":false},"author":29,"featured_media":4539,"comment_status":"closed","ping_status":"closed","sticky":false,"template":"","format":"standard","meta":{"footnotes":""},"categories":[4],"tags":[],"class_list":["post-4538","post","type-post","status-publish","format-standard","has-post-thumbnail","hentry","category-coluna-brasilia-df"],"_links":{"self":[{"href":"https:\/\/blogs.correiobraziliense.com.br\/denise\/wp-json\/wp\/v2\/posts\/4538","targetHints":{"allow":["GET"]}}],"collection":[{"href":"https:\/\/blogs.correiobraziliense.com.br\/denise\/wp-json\/wp\/v2\/posts"}],"about":[{"href":"https:\/\/blogs.correiobraziliense.com.br\/denise\/wp-json\/wp\/v2\/types\/post"}],"author":[{"embeddable":true,"href":"https:\/\/blogs.correiobraziliense.com.br\/denise\/wp-json\/wp\/v2\/users\/29"}],"replies":[{"embeddable":true,"href":"https:\/\/blogs.correiobraziliense.com.br\/denise\/wp-json\/wp\/v2\/comments?post=4538"}],"version-history":[{"count":1,"href":"https:\/\/blogs.correiobraziliense.com.br\/denise\/wp-json\/wp\/v2\/posts\/4538\/revisions"}],"predecessor-version":[{"id":4540,"href":"https:\/\/blogs.correiobraziliense.com.br\/denise\/wp-json\/wp\/v2\/posts\/4538\/revisions\/4540"}],"wp:featuredmedia":[{"embeddable":true,"href":"https:\/\/blogs.correiobraziliense.com.br\/denise\/wp-json\/wp\/v2\/media\/4539"}],"wp:attachment":[{"href":"https:\/\/blogs.correiobraziliense.com.br\/denise\/wp-json\/wp\/v2\/media?parent=4538"}],"wp:term":[{"taxonomy":"category","embeddable":true,"href":"https:\/\/blogs.correiobraziliense.com.br\/denise\/wp-json\/wp\/v2\/categories?post=4538"},{"taxonomy":"post_tag","embeddable":true,"href":"https:\/\/blogs.correiobraziliense.com.br\/denise\/wp-json\/wp\/v2\/tags?post=4538"}],"curies":[{"name":"wp","href":"https:\/\/api.w.org\/{rel}","templated":true}]}}