{"id":4534,"date":"2019-11-25T09:16:55","date_gmt":"2019-11-25T12:16:55","guid":{"rendered":"https:\/\/blogs.correiobraziliense.com.br\/denise\/?p=4534"},"modified":"2019-11-25T09:26:56","modified_gmt":"2019-11-25T12:26:56","slug":"preocupacao-do-governo-e-com-a-uniao-do-centro-em-2020","status":"publish","type":"post","link":"https:\/\/blogs.correiobraziliense.com.br\/denise\/preocupacao-do-governo-e-com-a-uniao-do-centro-em-2020\/","title":{"rendered":"Preocupa\u00e7\u00e3o do governo \u00e9 com a uni\u00e3o do centro em 2020"},"content":{"rendered":"<p>Os ataques de Lula contra <strong>Bolsonaro<\/strong> na conven\u00e7\u00e3o do PT n\u00e3o incomodaram os palacianos. Enquanto o ex-presidente tiver contas a acertar com a Justi\u00e7a, o discurso para esse grupo est\u00e1 pronto e considerado f\u00e1cil. Afinal, <strong>Lula<\/strong> foi preso, condenado, \u00e9 acusado de ter bens que n\u00e3o est\u00e3o em seu nome e por a\u00ed vai. O problema para o governo \u00e9 o centro da pol\u00edtica, que come\u00e7a a sair da toca com nova roupagem, para se mostrar como o ponto de equil\u00edbrio, do di\u00e1logo, capaz de tirar o melhor dos extremos hoje representados pelo <strong>bolsonarismo<\/strong> e pelo <strong>petismo<\/strong>. Esse centro, entretanto, ainda n\u00e3o se uniu. E por isso, a ordem no Planalto daqui para frente \u00e9 trabalhar para que essa uni\u00e3o n\u00e3o ocorra.<\/p>\n<p>Juntos, PSDB, DEM, PP, PL, Cidadania, Solidariedade t\u00eam pelo menos 40% do eleitorado. Se esse contingente encontrar um l\u00edder, Bolsonaro ter\u00e1 de suar a camisa para um projeto de reelei\u00e7\u00e3o. Por enquanto, \u00e9 s\u00f3 observar.<\/p>\n<h3>R$ 10 milh\u00f5es para cada um<\/h3>\n<p>O governo retomou o pagamento das <strong>emendas parlamentares<\/strong>. A prioridade \u00e9 concluir a liquida\u00e7\u00e3o dos R$ 10 milh\u00f5es prometidos para cada deputado.<\/p>\n<p>O problema \u00e9 que as excel\u00eancias juram ter recebido a promessa de outros R$ 10 milh\u00f5es. E essas libera\u00e7\u00f5es est\u00e3o muito lentas, sem perspectiva de conclus\u00e3o para os pr\u00f3ximos dias.<\/p>\n<h3>D\u00edvida e pol\u00edtica I<\/h3>\n<p>Em 2017, o governo abriu a possibilidade de renegocia\u00e7\u00e3o de d\u00edvidas contra\u00eddas at\u00e9 31 de dezembro daquele ano por parte dos produtores rurais do Nordeste, prejudicados por sucessivas adversidades clim\u00e1ticas. \u00c0 \u00e9poca, o <strong>Banco do Nordeste<\/strong> (BNB) cumpriu a resolu\u00e7\u00e3o. O Banco do Brasil, n\u00e3o. Agora, um projeto de lei uniu a bancada do Nordeste em torno dessa proposta. Assim, todos os bancos oficiais ter\u00e3o que cumprir.<\/p>\n<h3>D\u00edvida e pol\u00edtica II<\/h3>\n<p>O texto \u00e9 assinado pelo deputado Jo\u00e3o Roma (Republicanos-BA) e tem o apoio dos nordestinos do PSL ao PT. A ideia \u00e9 votar nessas quatro semanas que faltam para fechar o per\u00edodo legislativo.<\/p>\n<p><strong>E a sede?<\/strong>\/ O <strong>Alian\u00e7a pelo Brasil<\/strong>, do presidente Jair Bolsonaro, ainda n\u00e3o tem sede definida. Enquanto n\u00e3o decide, vai funcionando no escrit\u00f3rio do secret\u00e1rio-geral da sigla, o advogado Admar Gonzaga.<\/p>\n<p><strong>Menos, Lula, menos<\/strong>\/ O PSB tem encontro esta semana para discutir seu caminho. \u201cO Lula despreza a nossa intelig\u00eancia, ao dizer que quem n\u00e3o est\u00e1 com ele est\u00e1 a favor do Bolsonaro. N\u00e3o vejo Lula nem Bolsonaro como meu l\u00edder. Essa polariza\u00e7\u00e3o s\u00f3 interessa aos dois\u201d, diz o deputado J\u00falio Delgado (PSB-MG).<\/p>\n<p><strong>Aguardem novos cap\u00edtulos I<\/strong>\/ Por enquanto, Renan Calheiros n\u00e3o respondeu ao senador Major Ol\u00edmpio, na \u00faltima semana, quando eles discutiam o que Renan chamou de \u201camea\u00e7as de Ol\u00edmpio a ministros do STF\u201d. Mas quem conhece o grau de fervura do sangue alagoano garante que essa fleuma de Renan n\u00e3o vai durar muito.<\/p>\n<p><strong>Aguardem novos cap\u00edtulos II<\/strong>\/Nos corredores do Congresso, quando algu\u00e9m pergunta a Major Olimpio sobre seu embate com Renan Calheiros na semana passada, o senador paulista responde: \u201cEu estou do lado de c\u00e1 das algemas\u201d.<\/p>\n","protected":false},"excerpt":{"rendered":"<p>Os ataques de Lula contra Bolsonaro na conven\u00e7\u00e3o do PT n\u00e3o incomodaram os palacianos. Enquanto o ex-presidente tiver contas a acertar com a Justi\u00e7a, o discurso para esse grupo est\u00e1 pronto e considerado f\u00e1cil.<\/p>\n","protected":false},"author":29,"featured_media":4535,"comment_status":"closed","ping_status":"closed","sticky":false,"template":"","format":"standard","meta":{"footnotes":""},"categories":[4],"tags":[28,135,211,98,210,12],"class_list":["post-4534","post","type-post","status-publish","format-standard","has-post-thumbnail","hentry","category-coluna-brasilia-df","tag-bolsonaro","tag-centrao","tag-emendas-parlamentares","tag-lula","tag-polarizacao","tag-renan-calheiros"],"_links":{"self":[{"href":"https:\/\/blogs.correiobraziliense.com.br\/denise\/wp-json\/wp\/v2\/posts\/4534","targetHints":{"allow":["GET"]}}],"collection":[{"href":"https:\/\/blogs.correiobraziliense.com.br\/denise\/wp-json\/wp\/v2\/posts"}],"about":[{"href":"https:\/\/blogs.correiobraziliense.com.br\/denise\/wp-json\/wp\/v2\/types\/post"}],"author":[{"embeddable":true,"href":"https:\/\/blogs.correiobraziliense.com.br\/denise\/wp-json\/wp\/v2\/users\/29"}],"replies":[{"embeddable":true,"href":"https:\/\/blogs.correiobraziliense.com.br\/denise\/wp-json\/wp\/v2\/comments?post=4534"}],"version-history":[{"count":2,"href":"https:\/\/blogs.correiobraziliense.com.br\/denise\/wp-json\/wp\/v2\/posts\/4534\/revisions"}],"predecessor-version":[{"id":4537,"href":"https:\/\/blogs.correiobraziliense.com.br\/denise\/wp-json\/wp\/v2\/posts\/4534\/revisions\/4537"}],"wp:featuredmedia":[{"embeddable":true,"href":"https:\/\/blogs.correiobraziliense.com.br\/denise\/wp-json\/wp\/v2\/media\/4535"}],"wp:attachment":[{"href":"https:\/\/blogs.correiobraziliense.com.br\/denise\/wp-json\/wp\/v2\/media?parent=4534"}],"wp:term":[{"taxonomy":"category","embeddable":true,"href":"https:\/\/blogs.correiobraziliense.com.br\/denise\/wp-json\/wp\/v2\/categories?post=4534"},{"taxonomy":"post_tag","embeddable":true,"href":"https:\/\/blogs.correiobraziliense.com.br\/denise\/wp-json\/wp\/v2\/tags?post=4534"}],"curies":[{"name":"wp","href":"https:\/\/api.w.org\/{rel}","templated":true}]}}