{"id":4502,"date":"2019-11-20T08:47:29","date_gmt":"2019-11-20T11:47:29","guid":{"rendered":"https:\/\/blogs.correiobraziliense.com.br\/denise\/?p=4502"},"modified":"2019-11-20T08:47:29","modified_gmt":"2019-11-20T11:47:29","slug":"lula-vai-conversar-com-rodrigo-maia","status":"publish","type":"post","link":"https:\/\/blogs.correiobraziliense.com.br\/denise\/lula-vai-conversar-com-rodrigo-maia\/","title":{"rendered":"Lula vai conversar com Rodrigo Maia"},"content":{"rendered":"<h6><strong>Coluna Bras\u00edlia-DF<\/strong><\/h6>\n<p>O ex-presidente <strong>Lula<\/strong> quer conversar com todos os atores da pol\u00edtica e vai, inclusive, conversar com <strong>Rodrigo Maia<\/strong>, um dos maiores advers\u00e1rios do <strong>PT<\/strong>. Lula \u00e9 grato a Maia, que foi contra a transfer\u00eancia do ex-presidente para um pres\u00eddio comum, em agosto deste ano. Mas o <strong>DEM<\/strong> n\u00e3o est\u00e1 muito animado com a conversa e, de antem\u00e3o, avisa: n\u00e3o tem alian\u00e7a para 2022.<\/p>\n","protected":false},"excerpt":{"rendered":"<p>Coluna Bras\u00edlia-DF O ex-presidente Lula quer conversar com todos os atores da pol\u00edtica e vai, inclusive, conversar com Rodrigo Maia, um dos maiores advers\u00e1rios do PT. Lula \u00e9 grato a Maia, que foi contra a transfer\u00eancia do ex-presidente para um pres\u00eddio comum, em agosto deste ano. Mas o DEM n\u00e3o est\u00e1 muito animado com a conversa e, de antem\u00e3o, avisa: [&hellip;]<\/p>\n","protected":false},"author":29,"featured_media":4507,"comment_status":"closed","ping_status":"closed","sticky":false,"template":"","format":"standard","meta":{"footnotes":""},"categories":[4],"tags":[],"class_list":["post-4502","post","type-post","status-publish","format-standard","has-post-thumbnail","hentry","category-coluna-brasilia-df"],"_links":{"self":[{"href":"https:\/\/blogs.correiobraziliense.com.br\/denise\/wp-json\/wp\/v2\/posts\/4502","targetHints":{"allow":["GET"]}}],"collection":[{"href":"https:\/\/blogs.correiobraziliense.com.br\/denise\/wp-json\/wp\/v2\/posts"}],"about":[{"href":"https:\/\/blogs.correiobraziliense.com.br\/denise\/wp-json\/wp\/v2\/types\/post"}],"author":[{"embeddable":true,"href":"https:\/\/blogs.correiobraziliense.com.br\/denise\/wp-json\/wp\/v2\/users\/29"}],"replies":[{"embeddable":true,"href":"https:\/\/blogs.correiobraziliense.com.br\/denise\/wp-json\/wp\/v2\/comments?post=4502"}],"version-history":[{"count":1,"href":"https:\/\/blogs.correiobraziliense.com.br\/denise\/wp-json\/wp\/v2\/posts\/4502\/revisions"}],"predecessor-version":[{"id":4508,"href":"https:\/\/blogs.correiobraziliense.com.br\/denise\/wp-json\/wp\/v2\/posts\/4502\/revisions\/4508"}],"wp:featuredmedia":[{"embeddable":true,"href":"https:\/\/blogs.correiobraziliense.com.br\/denise\/wp-json\/wp\/v2\/media\/4507"}],"wp:attachment":[{"href":"https:\/\/blogs.correiobraziliense.com.br\/denise\/wp-json\/wp\/v2\/media?parent=4502"}],"wp:term":[{"taxonomy":"category","embeddable":true,"href":"https:\/\/blogs.correiobraziliense.com.br\/denise\/wp-json\/wp\/v2\/categories?post=4502"},{"taxonomy":"post_tag","embeddable":true,"href":"https:\/\/blogs.correiobraziliense.com.br\/denise\/wp-json\/wp\/v2\/tags?post=4502"}],"curies":[{"name":"wp","href":"https:\/\/api.w.org\/{rel}","templated":true}]}}