{"id":4501,"date":"2019-11-20T08:36:03","date_gmt":"2019-11-20T11:36:03","guid":{"rendered":"https:\/\/blogs.correiobraziliense.com.br\/denise\/?p=4501"},"modified":"2019-11-20T08:39:08","modified_gmt":"2019-11-20T11:39:08","slug":"alcolumbre-esta-pressionado-em-pedidos-de-impeachment-contra-ministros-do-stf","status":"publish","type":"post","link":"https:\/\/blogs.correiobraziliense.com.br\/denise\/alcolumbre-esta-pressionado-em-pedidos-de-impeachment-contra-ministros-do-stf\/","title":{"rendered":"Alcolumbre est\u00e1 pressionado em pedidos de impeachment contra ministros do STF"},"content":{"rendered":"<h6><strong>Coluna Bas\u00edlia-DF<\/strong><\/h6>\n<p>O fato de o presidente do Supremo Tribunal Federal, Dias Toffoli, ter pedido acesso aos dados do Coaf reacendeu a chama dos processos de impeachment de ministros do STF no Senado e, nesse quesito, de nada adiantou o presidente da Suprema Corte ter recuado na decis\u00e3o. J\u00e1 s\u00e3o 15 pedidos contra v\u00e1rios ministros que se acumulam na Casa, que at\u00e9 hoje n\u00e3o foram para frente.<\/p>\n<p>At\u00e9 aqui, o presidente Davi Alcolumbre (DEM-AP) n\u00e3o pretende colocar esses pedidos na roda, e alguns senadores garantem que ele jogar\u00e1 essa press\u00e3o para escanteio, como tem feito no caso da CPI da Lava Toga. Mas h\u00e1 quem diga que, pelo andar da carruagem, a represa est\u00e1 ficando pesada.<\/p>\n<h2><strong>Sa\u00edda pela direita<\/strong><\/h2>\n<p>Selada a desfilia\u00e7\u00e3o do presidente Jair Bolsonaro do PSL, os aliados dele come\u00e7am a partir de agora uma ampla campanha para que seus simpatizantes fa\u00e7am o mesmo. A inten\u00e7\u00e3o \u00e9 deixar o partido de Luciano Bivar do tamanho que era antes do ingresso dos Bolsonaro.<\/p>\n<h2><strong>Pode ir, mas&#8230;<\/strong><\/h2>\n<p>O fato de seguirem o presidente n\u00e3o significa candidatura garantida no ano que vem. Bolsonaro quer \u201cqualidade\u201d dos candidatos de seu partido, e os interessados ter\u00e3o que ter \u201cficha limpa\u201d.<\/p>\n<h2><strong>Maia na lida<\/strong><\/h2>\n<p>O presidente da C\u00e2mara, Rodrigo Maia (DEM-RJ), quer deixar sua marca nos projetos de desenvolvimento social. Essa ser\u00e1 a aposta da Casa em 2020, e n\u00e3o os projetos do governo. Da mesma forma, valer\u00e1 o que o Congresso deseja em termos de reforma tribut\u00e1ria. Logo ali na frente, isso vai dar algum estremecimento com o Poder Executivo.<\/p>\n<p><strong>Baiano portugu\u00eas\/<\/strong> O lobista Fernando Baiano, que passou uma temporada \u201chospedado\u201d na carceragem da Pol\u00edcia Federal, em Curitiba, est\u00e1 dando um giro pela Europa. Recentemente, foi visto em Lisboa.Tentava obter um \u201cGolden Visa\u201d, que s\u00f3 \u00e9 adquirido por quem compra im\u00f3vel acima de 500 mil Euros.<\/p>\n<p><strong>Enquanto um \u201clavajateiro\u201d vai&#8230;\/<\/strong> Um professor renomado vem. O ex-ministro de Assuntos Parlamentares de Portugal Miguel Relvas lan\u00e7ou seu livro O outro lado da governa\u00e7\u00e3o, a reforma da administra\u00e7\u00e3o local, no Senado.<\/p>\n<p><strong>Outra turma\/<\/strong> O deputado Coronel Tadeu (PSL-SP), que arrancou e quebrou um quadro da exposi\u00e7\u00e3o sobre o Dia da Consci\u00eancia Negra, na C\u00e2mara, foi motivo de coment\u00e1rio entre os bolsonaristas. Aliados do presidente da Rep\u00fablica logo avisavam que Tadeu \u00e9 \u201cbivarista\u201d.<\/p>\n<p><strong>CB.Poder\/<\/strong> O entrevistado de hoje \u00e9 o senador Fernando Collor (PTC-AL), que h\u00e1 30 anos, em 15 de novembro de 1989, era eleito presidente da Rep\u00fablica, a primeira elei\u00e7\u00e3o direta depois da ditadura militar. Jos\u00e9 Sarney, o primeiro presidente civil p\u00f3s-regime de exce\u00e7\u00e3o, foi eleito pelo Col\u00e9gio eleitoral.<\/p>\n","protected":false},"excerpt":{"rendered":"<p>Coluna Bas\u00edlia-DF O fato de o presidente do Supremo Tribunal Federal, Dias Toffoli, ter pedido acesso aos dados do Coaf reacendeu a chama dos processos de impeachment de ministros do STF no Senado e, nesse quesito, de nada adiantou o presidente da Suprema Corte ter recuado na decis\u00e3o. J\u00e1 s\u00e3o 15 pedidos contra v\u00e1rios ministros que se acumulam na Casa, [&hellip;]<\/p>\n","protected":false},"author":29,"featured_media":4504,"comment_status":"closed","ping_status":"closed","sticky":false,"template":"","format":"standard","meta":{"footnotes":""},"categories":[4],"tags":[],"class_list":["post-4501","post","type-post","status-publish","format-standard","has-post-thumbnail","hentry","category-coluna-brasilia-df"],"_links":{"self":[{"href":"https:\/\/blogs.correiobraziliense.com.br\/denise\/wp-json\/wp\/v2\/posts\/4501","targetHints":{"allow":["GET"]}}],"collection":[{"href":"https:\/\/blogs.correiobraziliense.com.br\/denise\/wp-json\/wp\/v2\/posts"}],"about":[{"href":"https:\/\/blogs.correiobraziliense.com.br\/denise\/wp-json\/wp\/v2\/types\/post"}],"author":[{"embeddable":true,"href":"https:\/\/blogs.correiobraziliense.com.br\/denise\/wp-json\/wp\/v2\/users\/29"}],"replies":[{"embeddable":true,"href":"https:\/\/blogs.correiobraziliense.com.br\/denise\/wp-json\/wp\/v2\/comments?post=4501"}],"version-history":[{"count":2,"href":"https:\/\/blogs.correiobraziliense.com.br\/denise\/wp-json\/wp\/v2\/posts\/4501\/revisions"}],"predecessor-version":[{"id":4506,"href":"https:\/\/blogs.correiobraziliense.com.br\/denise\/wp-json\/wp\/v2\/posts\/4501\/revisions\/4506"}],"wp:featuredmedia":[{"embeddable":true,"href":"https:\/\/blogs.correiobraziliense.com.br\/denise\/wp-json\/wp\/v2\/media\/4504"}],"wp:attachment":[{"href":"https:\/\/blogs.correiobraziliense.com.br\/denise\/wp-json\/wp\/v2\/media?parent=4501"}],"wp:term":[{"taxonomy":"category","embeddable":true,"href":"https:\/\/blogs.correiobraziliense.com.br\/denise\/wp-json\/wp\/v2\/categories?post=4501"},{"taxonomy":"post_tag","embeddable":true,"href":"https:\/\/blogs.correiobraziliense.com.br\/denise\/wp-json\/wp\/v2\/tags?post=4501"}],"curies":[{"name":"wp","href":"https:\/\/api.w.org\/{rel}","templated":true}]}}