{"id":4496,"date":"2019-11-19T08:29:39","date_gmt":"2019-11-19T11:29:39","guid":{"rendered":"https:\/\/blogs.correiobraziliense.com.br\/denise\/?p=4496"},"modified":"2019-11-19T08:29:39","modified_gmt":"2019-11-19T11:29:39","slug":"parto-tributario-ou-estrategia-politica","status":"publish","type":"post","link":"https:\/\/blogs.correiobraziliense.com.br\/denise\/parto-tributario-ou-estrategia-politica\/","title":{"rendered":"Insist\u00eancia na arrecada\u00e7\u00e3o lastreada no imposto sobre consumo \u00e9 estrat\u00e9gia pol\u00edtica"},"content":{"rendered":"<h6><strong>Coluna Bras\u00edlia-DF<\/strong><\/h6>\n<p>A ideia da equipe econ\u00f4mica, de insistir em manter a arrecada\u00e7\u00e3o lastreada no imposto sobre o consumo, ter\u00e1 dificuldades no parlamento. Ali, prevalece a ideia de que \u00e9 preciso desonerar o consumo para levar \u00e0 baixa dos pre\u00e7os dos produtos e, assim, promover a recupera\u00e7\u00e3o da ind\u00fastria, o que, por sua vez, resulta em maior gera\u00e7\u00e3o de empregos. O que n\u00e3o vier no sentido de facilitar a vida de quem produz e de aumentar a oferta de postos de trabalho n\u00e3o ter\u00e1 condi\u00e7\u00f5es de ser votado em tempo recorde.<\/p>\n<p>\u00bb \u00bb \u00bb<\/p>\n<p>Essa insist\u00eancia, dizem alguns, tem outro objetivo: tentar levar os congressistas a perceberem que vale trocar o imposto sobre consumo por uma al\u00edquota menor sobre as transa\u00e7\u00f5es financeiras. O debate ser\u00e1 longo para um pa\u00eds que tem pressa e d\u00f3lar nas alturas.<\/p>\n<h2>\n<strong>Ganhou fama I<\/strong><\/h2>\n<p>Fred Wassef, advogado da fam\u00edlia Bolsonaro, foi procurado por Francisco de Assis, diretor jur\u00eddico da JBS, para fazer a defesa dele e dos Batista no Supremo Tribunal Federal. A ponte foi feita pelo advogado Jos\u00e9 Roberto Santoro, amigo de Wassef, que j\u00e1 atuou como consultor jur\u00eddico da JBS.<\/p>\n<h2>\n<strong>Ganhou fama II<\/strong><\/h2>\n<p>Assis est\u00e1 apostando em Fred para ver se baixa o entusiasmo do procurador-geral da Rep\u00fablica, Augusto Aras, e adia ao m\u00e1ximo qualquer a\u00e7\u00e3o que possa jogar areia no acordo de leni\u00eancia da turma.<\/p>\n<h2>\n<strong>E o partido, hein?<\/strong><\/h2>\n<p>O presidente Jair Bolsonaro ser\u00e1 aconselhado a ficar de olho nos oportunistas, aqueles que v\u00e3o procurar o novo partido apenas para ser governo, sem o menor compromisso com o futuro.<\/p>\n<h2>\n<strong>Al\u00edvio nas contas<\/strong><\/h2>\n<p>O desbloqueio de mais de R$ 14 bilh\u00f5es do Or\u00e7amento era comemorado pelos parlamentares, que aguardam as emendas para estados e munic\u00edpios nessa reta final de 2019. Significa ter o que mostrar para as bases nesse per\u00edodo pr\u00f3ximo ao ano eleitoral.<\/p>\n<h2>\n<em><strong>Curtidas<\/strong><\/em><\/h2>\n<p><strong>Troca a\u00ed\/<\/strong> Em vez de procurar taxar o consumo, h\u00e1 quem defenda que o governo gaste sua energia criativa para taxar as grandes empresas da internet. Faz sentido.<\/p>\n<p><strong>O que colar, colou\/<\/strong> Os parlamentares v\u00e3o votar o que for poss\u00edvel para tentar fazer valer a pris\u00e3o em segunda inst\u00e2ncia. Quarta-feira, na Comiss\u00e3o de Constitui\u00e7\u00e3o e Justi\u00e7a do Senado, o tema estar\u00e1 em pauta tanto em emendas constitucionais, quanto em projetos de lei.<\/p>\n<p><strong>Reza forte\/<\/strong> Quinta-feira tem sess\u00e3o solene em homenagem \u00e0 Santa Dulce dos Pobres no Senado Federal. A sess\u00e3o foi pedida pela senadora K\u00e1tia Abreu (PDT-TO).<\/p>\n<p><strong>Ser\u00e1 que emendaram mais?\/<\/strong> Segunda-feira, no Congresso, parecia in\u00edcio de feriado. \u00c9, pois, \u00e9.<\/p>\n","protected":false},"excerpt":{"rendered":"<p>Coluna Bras\u00edlia-DF A ideia da equipe econ\u00f4mica, de insistir em manter a arrecada\u00e7\u00e3o lastreada no imposto sobre o consumo, ter\u00e1 dificuldades no parlamento. Ali, prevalece a ideia de que \u00e9 preciso desonerar o consumo para levar \u00e0 baixa dos pre\u00e7os dos produtos e, assim, promover a recupera\u00e7\u00e3o da ind\u00fastria, o que, por sua vez, resulta em maior gera\u00e7\u00e3o de empregos. [&hellip;]<\/p>\n","protected":false},"author":29,"featured_media":4497,"comment_status":"closed","ping_status":"closed","sticky":false,"template":"","format":"standard","meta":{"footnotes":""},"categories":[4],"tags":[],"class_list":["post-4496","post","type-post","status-publish","format-standard","has-post-thumbnail","hentry","category-coluna-brasilia-df"],"_links":{"self":[{"href":"https:\/\/blogs.correiobraziliense.com.br\/denise\/wp-json\/wp\/v2\/posts\/4496","targetHints":{"allow":["GET"]}}],"collection":[{"href":"https:\/\/blogs.correiobraziliense.com.br\/denise\/wp-json\/wp\/v2\/posts"}],"about":[{"href":"https:\/\/blogs.correiobraziliense.com.br\/denise\/wp-json\/wp\/v2\/types\/post"}],"author":[{"embeddable":true,"href":"https:\/\/blogs.correiobraziliense.com.br\/denise\/wp-json\/wp\/v2\/users\/29"}],"replies":[{"embeddable":true,"href":"https:\/\/blogs.correiobraziliense.com.br\/denise\/wp-json\/wp\/v2\/comments?post=4496"}],"version-history":[{"count":1,"href":"https:\/\/blogs.correiobraziliense.com.br\/denise\/wp-json\/wp\/v2\/posts\/4496\/revisions"}],"predecessor-version":[{"id":4498,"href":"https:\/\/blogs.correiobraziliense.com.br\/denise\/wp-json\/wp\/v2\/posts\/4496\/revisions\/4498"}],"wp:featuredmedia":[{"embeddable":true,"href":"https:\/\/blogs.correiobraziliense.com.br\/denise\/wp-json\/wp\/v2\/media\/4497"}],"wp:attachment":[{"href":"https:\/\/blogs.correiobraziliense.com.br\/denise\/wp-json\/wp\/v2\/media?parent=4496"}],"wp:term":[{"taxonomy":"category","embeddable":true,"href":"https:\/\/blogs.correiobraziliense.com.br\/denise\/wp-json\/wp\/v2\/categories?post=4496"},{"taxonomy":"post_tag","embeddable":true,"href":"https:\/\/blogs.correiobraziliense.com.br\/denise\/wp-json\/wp\/v2\/tags?post=4496"}],"curies":[{"name":"wp","href":"https:\/\/api.w.org\/{rel}","templated":true}]}}