{"id":4491,"date":"2019-11-18T08:11:04","date_gmt":"2019-11-18T11:11:04","guid":{"rendered":"https:\/\/blogs.correiobraziliense.com.br\/denise\/?p=4491"},"modified":"2019-11-18T12:21:58","modified_gmt":"2019-11-18T15:21:58","slug":"sindifisco-quer-baixar-imposto-sobre-o-consumo-na-nova-cpmf","status":"publish","type":"post","link":"https:\/\/blogs.correiobraziliense.com.br\/denise\/sindifisco-quer-baixar-imposto-sobre-o-consumo-na-nova-cpmf\/","title":{"rendered":"Sindifisco quer baixar imposto sobre o consumo na nova CPMF"},"content":{"rendered":"<h6><strong>Coluna Bras\u00edlia-DF<\/strong><\/h6>\n<p>Diretores do Sindifisco percorrem o pa\u00eds em explica\u00e7\u00f5es sobre as vantagens da troca da tributa\u00e7\u00e3o sobre o consumo, hoje a maior do Brasil, pelo imposto sobre movimenta\u00e7\u00e3o financeira. A exposi\u00e7\u00e3o dos t\u00e9cnicos aponta que, ao baixar o imposto sobre o consumo, os pre\u00e7os dos produtos caem e se tornam mais acess\u00edveis, de modo que os mais pobres passam a pagar menos impostos.<\/p>\n<p>O aumento das vendas aquece a ind\u00fastria e favorece a gera\u00e7\u00e3o de empregos. Falta convencer o governo e o presidente Jair Bolsonaro que, at\u00e9 aqui, n\u00e3o aceita recriar o imposto sobre movimenta\u00e7\u00e3o financeira. O ministro Paulo Guedes, por sua vez, colocou a reforma tribut\u00e1ria em segundo plano.<\/p>\n<p>\u00bb \u00bb \u00bb<\/p>\n<p>O erro \u00e9 do passado. L\u00e1 atr\u00e1s, o governo criou a CPMF sem mexer no imposto sobre consumo, o que ampliou a carga tribut\u00e1ria. Agora, entretanto, a proposta \u00e9 outra e a troca, na avalia\u00e7\u00e3o do Sindifisco, \u00e9 ganha-ganha.<\/p>\n<h2><strong>Todo mundo \u201cpianinho\u201d&#8230;<\/strong><\/h2>\n<p>O recuo do procurador-geral, Augusto Aras, no caso do acesso aos dados do Coaf pelo Supremo Tribunal Federal, foi visto como um sinal de que a Procuradoria-Geral n\u00e3o quer abrir um confronto direto com o STF.<\/p>\n<h2><strong>\u2026 Sem provocar\u2026<\/strong><\/h2>\n<p>Atualmente, com o perigo rondando a Lava-Jato, a ordem \u00e9 manter o melhor relacionamento poss\u00edvel e n\u00e3o errar na condu\u00e7\u00e3o dos inqu\u00e9ritos, de forma a n\u00e3o abrir brechas a retrocessos. O momento \u00e9 visto como muito delicado.<\/p>\n<h2><strong>&#8230;Mas fazendo seu show<\/strong><\/h2>\n<p>O acesso a dados do Coaf pelo STF, entretanto, ser\u00e1 motivo de muitos protestos no Congresso, at\u00e9 por pedidos informais de procuradores. Ainda que Toffoli tenha dito que n\u00e3o usou a senha de acesso que foi fornecida pela UIF, institui\u00e7\u00e3o que substituiu o antigo Coaf, a tens\u00e3o n\u00e3o est\u00e1 superada.<\/p>\n<h2><strong>PEC Paralela passa<\/strong><\/h2>\n<p>A aposta dos l\u00edderes governistas \u00e9 a de que eles n\u00e3o ter\u00e3o dificuldades para aprovar a Proposta de Emenda Constitucional (PEC) que inclui estados e munic\u00edpios na reforma da Previd\u00eancia. Como antecipou a coluna, na semana passada, <a href=\"https:\/\/blogs.correiobraziliense.com.br\/denise\/deputados-e-senadores-recebem-jumbao-para-aprovar-pec-paralela\/\">a \u201ctaxa de sucesso\u201d dessa proposta est\u00e1 no envio dos cr\u00e9ditos or\u00e7ament\u00e1rios capazes de dar novo \u00e2nimo aos congressistas<\/a>. Na C\u00e2mara, entretanto, o buraco \u00e9 mais embaixo e n\u00e3o ser\u00e1 poss\u00edvel.<\/p>\n<h2><em><strong>CURTIDAS<\/strong><\/em><\/h2>\n<p><strong>Menina de ouro \/<\/strong> Depois da exposi\u00e7\u00e3o que fez na casa do presidente da C\u00e2mara, Rodrigo Maia, sobre o projeto social, a deputada T\u00e1bata do Amaral (PDT-SP) se consolidou como uma das novas<br \/>\napostas nessa seara.<\/p>\n<p><strong>Meninos de ouro \/<\/strong> A apresenta\u00e7\u00e3o foi dividida com os deputados Felipe Rigoni e Jo\u00e3o Campos (PSB-PE), tamb\u00e9m apontados como boas promessas para o futuro da pol\u00edtica nacional no centro esquerda. Ambos s\u00e3o equilibrados e trabalham na linha de projetos estrat\u00e9gicos.<\/p>\n<p><strong>Olho nela \/<\/strong> Tem muita gente em Bras\u00edlia observando atentamente os movimentos da deputada Paula Belmonte (Cidadania-DF). H\u00e1 quem diga que a aproxima\u00e7\u00e3o do marido dela, o advogado Lu\u00eds Felipe Belmonte, com o novo partido de Jair Bolsonaro ser\u00e1 a senha para que ela concorra ao GDF daqui a dois anos.<\/p>\n<p><strong>Olho nela II \/<\/strong> O que leva os advers\u00e1rios a olharem mais atentamente \u00e9 que Paula tem se destacado no Parlamento e mant\u00e9m boa performance nas redes sociais, apesar de nunca haver exercido um mandato eletivo.<\/p>\n<p><strong>E o Weintraub, hein? \/<\/strong> J\u00e1 tem gente no Congresso pensando em convocar o ministro da Educa\u00e7\u00e3o, Abraham Weintraub, para explicar a deseduca\u00e7\u00e3o nas redes sociais. Dia desses, no Twitter, o perfil dele exibia xingamentos \u00e0 m\u00e3e de um internauta. Ministro tem que ter compostura. Especialmente, o da Educa\u00e7\u00e3o.<\/p>\n","protected":false},"excerpt":{"rendered":"<p>Coluna Bras\u00edlia-DF Diretores do Sindifisco percorrem o pa\u00eds em explica\u00e7\u00f5es sobre as vantagens da troca da tributa\u00e7\u00e3o sobre o consumo, hoje a maior do Brasil, pelo imposto sobre movimenta\u00e7\u00e3o financeira. A exposi\u00e7\u00e3o dos t\u00e9cnicos aponta que, ao baixar o imposto sobre o consumo, os pre\u00e7os dos produtos caem e se tornam mais acess\u00edveis, de modo que os mais pobres passam [&hellip;]<\/p>\n","protected":false},"author":29,"featured_media":4492,"comment_status":"closed","ping_status":"closed","sticky":false,"template":"","format":"standard","meta":{"footnotes":""},"categories":[4],"tags":[],"class_list":["post-4491","post","type-post","status-publish","format-standard","has-post-thumbnail","hentry","category-coluna-brasilia-df"],"_links":{"self":[{"href":"https:\/\/blogs.correiobraziliense.com.br\/denise\/wp-json\/wp\/v2\/posts\/4491","targetHints":{"allow":["GET"]}}],"collection":[{"href":"https:\/\/blogs.correiobraziliense.com.br\/denise\/wp-json\/wp\/v2\/posts"}],"about":[{"href":"https:\/\/blogs.correiobraziliense.com.br\/denise\/wp-json\/wp\/v2\/types\/post"}],"author":[{"embeddable":true,"href":"https:\/\/blogs.correiobraziliense.com.br\/denise\/wp-json\/wp\/v2\/users\/29"}],"replies":[{"embeddable":true,"href":"https:\/\/blogs.correiobraziliense.com.br\/denise\/wp-json\/wp\/v2\/comments?post=4491"}],"version-history":[{"count":3,"href":"https:\/\/blogs.correiobraziliense.com.br\/denise\/wp-json\/wp\/v2\/posts\/4491\/revisions"}],"predecessor-version":[{"id":4495,"href":"https:\/\/blogs.correiobraziliense.com.br\/denise\/wp-json\/wp\/v2\/posts\/4491\/revisions\/4495"}],"wp:featuredmedia":[{"embeddable":true,"href":"https:\/\/blogs.correiobraziliense.com.br\/denise\/wp-json\/wp\/v2\/media\/4492"}],"wp:attachment":[{"href":"https:\/\/blogs.correiobraziliense.com.br\/denise\/wp-json\/wp\/v2\/media?parent=4491"}],"wp:term":[{"taxonomy":"category","embeddable":true,"href":"https:\/\/blogs.correiobraziliense.com.br\/denise\/wp-json\/wp\/v2\/categories?post=4491"},{"taxonomy":"post_tag","embeddable":true,"href":"https:\/\/blogs.correiobraziliense.com.br\/denise\/wp-json\/wp\/v2\/tags?post=4491"}],"curies":[{"name":"wp","href":"https:\/\/api.w.org\/{rel}","templated":true}]}}