{"id":4475,"date":"2019-11-14T08:01:40","date_gmt":"2019-11-14T11:01:40","guid":{"rendered":"https:\/\/blogs.correiobraziliense.com.br\/denise\/?p=4475"},"modified":"2019-11-14T08:01:40","modified_gmt":"2019-11-14T11:01:40","slug":"bolsonaro-quer-transparencia-em-novo-partido","status":"publish","type":"post","link":"https:\/\/blogs.correiobraziliense.com.br\/denise\/bolsonaro-quer-transparencia-em-novo-partido\/","title":{"rendered":"Bolsonaro quer transpar\u00eancia em novo partido"},"content":{"rendered":"<h6><strong>Coluna Bras\u00edlia-DF<\/strong><\/h6>\n<p>O presidente Jair Bolsonaro pediu aos advogados que criem mecanismos de compliance e transpar\u00eancia para o seu partido desde o primeiro dia, 21 de novembro, data da funda\u00e7\u00e3o. A ordem \u00e9 colocar todos os gastos no site, inclusive, aqueles da primeira conven\u00e7\u00e3o que teve o sal\u00e3o alugado por R$ 5 mil. Nas primeiras 26 horas, o Instagram do Alian\u00e7a registrou 130 mil seguidores. A ordem, agora, entre os aliancistas de Bolsonaro \u00e9 alertar para um site falso que tenta se passar pelo do presidente e j\u00e1 atraiu 75 mil pessoas.<\/p>\n<p>\u00bb \u00bb \u00bb<\/p>\n<p>O partido ter\u00e1, ainda, um aplicativo para smartphones e tablets, para obter as 500 mil assinaturas de apoio, um dos requisitos para o registro no Tribunal Superior Eleitoral. Afinal, a lei estabelece a necessidade do aval desse contingente de eleitores, mas n\u00e3o especifica que as listas de assinaturas devem ser apresentadas em papel. Se hoje j\u00e1 existe assinatura eletr\u00f4nica em processos judiciais, por que n\u00e3o para forma\u00e7\u00e3o de partido pol\u00edtico?, comentam advogados eleitorais.<\/p>\n<h2>\n<strong>Olho neles<\/strong><\/h2>\n<p>O fato de o presidente dizer que pode ter S\u00e9rgio Moro como futuro candidato a vice na sua chapa deixou muita gente desconfiada. Se brincar, o atual comandante em chefe das For\u00e7as Armadas desiste da empreitada da reelei\u00e7\u00e3o e p\u00f5e o ministro no seu lugar, com Paulo Guedes de vice.<\/p>\n<h2>\n<strong>Guinada bilateral<\/strong><\/h2>\n<p>A aproxima\u00e7\u00e3o do governo brasileiro com a China de Xi Jinping \u00e9 uma demonstra\u00e7\u00e3o de que o presidente Jair Bolsonaro n\u00e3o vai ficar esperando pela boa vontade dos Estados Unidos de Donald Trump. Afinal, dizem alguns bolsonaristas, depois de mantido o veto \u00e0 exporta\u00e7\u00e3o de carne brasileira para os estadunidenses, o Brasil deve ampliar suas apostas no mercado chin\u00eas.<\/p>\n<h2>\n<strong>Melhor assim<\/strong><\/h2>\n<p>No governo brasileiro, h\u00e1 quem diga que a aus\u00eancia de convites a l\u00edderes de outros pa\u00edses para participa\u00e7\u00e3o em encontros bilaterais dos Brics n\u00e3o foi feita por causa da instabilidade na vizinhan\u00e7a. Al\u00e9m da Bol\u00edvia e do Chile, h\u00e1 problemas no Equador, no Peru, alguma tens\u00e3o na Col\u00f4mbia, a Argentina est\u00e1 em fase de transi\u00e7\u00e3o e, para completar, ainda tem a Venezuela, o \u201cvexame\u201d da invas\u00e3o da embaixada venezuelana em Bras\u00edlia.<\/p>\n<h2>\n<strong>A suspeita da oposi\u00e7\u00e3o<\/strong><\/h2>\n<p>O \u201cdetox\u201d do vereador Carlos Bolsonaro das redes sociais foi lido como uma tentativa de sair de cena para evitar que posts sejam averiguados. A desconfian\u00e7a de muitos \u00e9 de que havia ali algo que hoje 02 n\u00e3o quer que seja revisto sob nova \u00f3tica.<\/p>\n<h2>\n<strong>A certeza dos apoiadores<\/strong><\/h2>\n<p>Os bolsonaristas, entretanto, acreditam que, com a sa\u00edda de Carlos Bolsonaro das redes sociais, o presidente Jair Bolsonaro ligou o modo paz e amor. A estrat\u00e9gia \u00e9 deixar Lula com a imagem de quem aposta no confronto.<\/p>\n<h2>\n<strong><em>Curtidas<\/em><\/strong><\/h2>\n<p><strong>O que os une\/<\/strong> O prefeito do Rio, Marcelo Crivella (foto), circulava entre os parlamentares, no jantar promovido pela Frente Parlamentar dos Brics, comentando com todos que o \u201cRio est\u00e1 \u00f3timo. S\u00f3 a Globo que acha que o Rio n\u00e3o vai bem\u201d, dizia. Petistas e bolsonaristas faziam men\u00e7\u00f5es com a cabe\u00e7a, concordando.<\/p>\n<p><strong>Trio internacional\/<\/strong> Entre os parlamentares, tr\u00eas se destacam nos eventos do Brics: os presidentes das Comiss\u00f5es de Rela\u00e7\u00f5es Exteriores do Senado, Nelsinho Trad; da C\u00e2mara, Eduardo Bolsonaro; e da Frente Parlamentar do Brics, Fausto Pinato.<\/p>\n<p><strong>Fundo musical\/<\/strong> O presidente Jair Bolsonaro foi recebido no Brics com a m\u00fasica Like a Prayer, de Madonna, que provocou muita pol\u00eamica h\u00e1 30 anos, quando foi lan\u00e7ada. No clip da m\u00fasica, Madonna beija um santo negro e aparece dan\u00e7ando entre cruzes flamejantes.<\/p>\n<p><strong>Por falar em Lula&#8230;\/<\/strong> O petista est\u00e1 dedicado a fazer pol\u00edtica desde o dia em que saiu da carceragem da Pol\u00edcia Federal. Hoje, estar\u00e1 em Salvador para um encontro do PT.<\/p>\n","protected":false},"excerpt":{"rendered":"<p>Coluna Bras\u00edlia-DF O presidente Jair Bolsonaro pediu aos advogados que criem mecanismos de compliance e transpar\u00eancia para o seu partido desde o primeiro dia, 21 de novembro, data da funda\u00e7\u00e3o. A ordem \u00e9 colocar todos os gastos no site, inclusive, aqueles da primeira conven\u00e7\u00e3o que teve o sal\u00e3o alugado por R$ 5 mil. Nas primeiras 26 horas, o Instagram do [&hellip;]<\/p>\n","protected":false},"author":29,"featured_media":4476,"comment_status":"closed","ping_status":"closed","sticky":false,"template":"","format":"standard","meta":{"footnotes":""},"categories":[4],"tags":[],"class_list":["post-4475","post","type-post","status-publish","format-standard","has-post-thumbnail","hentry","category-coluna-brasilia-df"],"_links":{"self":[{"href":"https:\/\/blogs.correiobraziliense.com.br\/denise\/wp-json\/wp\/v2\/posts\/4475","targetHints":{"allow":["GET"]}}],"collection":[{"href":"https:\/\/blogs.correiobraziliense.com.br\/denise\/wp-json\/wp\/v2\/posts"}],"about":[{"href":"https:\/\/blogs.correiobraziliense.com.br\/denise\/wp-json\/wp\/v2\/types\/post"}],"author":[{"embeddable":true,"href":"https:\/\/blogs.correiobraziliense.com.br\/denise\/wp-json\/wp\/v2\/users\/29"}],"replies":[{"embeddable":true,"href":"https:\/\/blogs.correiobraziliense.com.br\/denise\/wp-json\/wp\/v2\/comments?post=4475"}],"version-history":[{"count":1,"href":"https:\/\/blogs.correiobraziliense.com.br\/denise\/wp-json\/wp\/v2\/posts\/4475\/revisions"}],"predecessor-version":[{"id":4477,"href":"https:\/\/blogs.correiobraziliense.com.br\/denise\/wp-json\/wp\/v2\/posts\/4475\/revisions\/4477"}],"wp:featuredmedia":[{"embeddable":true,"href":"https:\/\/blogs.correiobraziliense.com.br\/denise\/wp-json\/wp\/v2\/media\/4476"}],"wp:attachment":[{"href":"https:\/\/blogs.correiobraziliense.com.br\/denise\/wp-json\/wp\/v2\/media?parent=4475"}],"wp:term":[{"taxonomy":"category","embeddable":true,"href":"https:\/\/blogs.correiobraziliense.com.br\/denise\/wp-json\/wp\/v2\/categories?post=4475"},{"taxonomy":"post_tag","embeddable":true,"href":"https:\/\/blogs.correiobraziliense.com.br\/denise\/wp-json\/wp\/v2\/tags?post=4475"}],"curies":[{"name":"wp","href":"https:\/\/api.w.org\/{rel}","templated":true}]}}